{"id":630,"date":"2025-03-27T12:03:00","date_gmt":"2025-03-27T11:03:00","guid":{"rendered":"https:\/\/cottet.com\/blog\/?p=630"},"modified":"2025-12-10T09:01:46","modified_gmt":"2025-12-10T08:01:46","slug":"celebramos-el-95-aniversario-de-nuestro-centro-cottet-principe","status":"publish","type":"post","link":"https:\/\/www.cottet.com\/blog\/celebramos-el-95-aniversario-de-nuestro-centro-cottet-principe\/","title":{"rendered":"\u00a1Celebramos el 95 aniversario de nuestro centro Cottet Pr\u00edncipe!"},"content":{"rendered":"<p>[et_pb_section fb_built=\u00bb1&#8243; theme_builder_area=\u00bbpost_content\u00bb _builder_version=\u00bb4.27.2&#8243; _module_preset=\u00bbdefault\u00bb][et_pb_row _builder_version=\u00bb4.27.2&#8243; _module_preset=\u00bbdefault\u00bb theme_builder_area=\u00bbpost_content\u00bb][et_pb_column _builder_version=\u00bb4.27.2&#8243; _module_preset=\u00bbdefault\u00bb type=\u00bb4_4&#8243; theme_builder_area=\u00bbpost_content\u00bb][et_pb_text _builder_version=\u00bb4.27.2&#8243; _module_preset=\u00bbdefault\u00bb theme_builder_area=\u00bbpost_content\u00bb hover_enabled=\u00bb0&#8243; sticky_enabled=\u00bb0&#8243;]<\/p>\n<h1>\u00a1Celebramos el 95 aniversario de nuestro centro Cottet Pr\u00edncipe!<\/h1>\n<p>[\/et_pb_text][et_pb_image src=\u00bbhttps:\/\/cottet.com\/blog\/wp-content\/uploads\/2025\/03\/principe-2.jpg\u00bb _builder_version=\u00bb4.27.2&#8243; _module_preset=\u00bbdefault\u00bb theme_builder_area=\u00bbpost_content\u00bb title_text=\u00bbprincipe 2&#8243; hover_enabled=\u00bb0&#8243; sticky_enabled=\u00bb0&#8243; align=\u00bbcenter\u00bb][\/et_pb_image][et_pb_text _builder_version=\u00bb4.27.2&#8243; _module_preset=\u00bbdefault\u00bb theme_builder_area=\u00bbpost_content\u00bb hover_enabled=\u00bb0&#8243; sticky_enabled=\u00bb0&#8243;]<\/p>\n<div class=\"elementor-section elementor-element elementor-element-166s2x9 elementor-top-section elementor-section-boxed elementor-section-height-default elementor-section-height-default\" data-element_type=\"section\">\n<div class=\"elementor-container elementor-column-gap-default\">\n<div class=\"elementor-row\">\n<div class=\"elementor-column elementor-element elementor-element-ekqjbg0 elementor-col-100 elementor-top-column\" data-element_type=\"column\">\n<div class=\"elementor-column-wrap elementor-element-populated\">\n<div class=\"elementor-widget-wrap\">\n<div class=\"elementor-widget elementor-element elementor-element-gga4huv elementor-widget-text-editor\" data-element_type=\"text-editor\">\n<div class=\"elementor-widget-container\">\n<div class=\"elementor-text-editor rte-content\">\n<p>Primera publicidad de la tienda documentada, a principios de los a\u00f1os 30<\/p>\n<\/div>\n<\/div>\n<\/div>\n<\/div>\n<\/div>\n<\/div>\n<\/div>\n<\/div>\n<\/div>\n<div class=\"elementor-section elementor-element elementor-element-umukcm6 elementor-top-section elementor-section-boxed elementor-section-height-default elementor-section-height-default\" data-element_type=\"section\">\n<div class=\"elementor-container elementor-column-gap-default\">\n<div class=\"elementor-row\">\n<div class=\"elementor-column elementor-element elementor-element-o1jkprq elementor-col-100 elementor-top-column\" data-element_type=\"column\">\n<div class=\"elementor-column-wrap\"><\/div>\n<\/div>\n<\/div>\n<\/div>\n<\/div>\n<p>[\/et_pb_text][\/et_pb_column][\/et_pb_row][et_pb_row _builder_version=\u00bb4.27.2&#8243; _module_preset=\u00bbdefault\u00bb theme_builder_area=\u00bbpost_content\u00bb column_structure=\u00bb1_2,1_2&#8243;][et_pb_column _builder_version=\u00bb4.27.2&#8243; _module_preset=\u00bbdefault\u00bb type=\u00bb1_2&#8243; theme_builder_area=\u00bbpost_content\u00bb][et_pb_image src=\u00bbhttps:\/\/cottet.com\/blog\/wp-content\/uploads\/2025\/03\/126-thumb.jpg\u00bb _builder_version=\u00bb4.27.2&#8243; _module_preset=\u00bbdefault\u00bb theme_builder_area=\u00bbpost_content\u00bb title_text=\u00bb126-thumb\u00bb hover_enabled=\u00bb0&#8243; sticky_enabled=\u00bb0&#8243;][\/et_pb_image][et_pb_text _builder_version=\u00bb4.27.2&#8243; _module_preset=\u00bbdefault\u00bb theme_builder_area=\u00bbpost_content\u00bb hover_enabled=\u00bb0&#8243; sticky_enabled=\u00bb0&#8243;]<\/p>\n<div class=\"elementor-column elementor-element elementor-element-16rco3o elementor-col-50 elementor-top-column\" data-element_type=\"column\">\n<div class=\"elementor-column-wrap elementor-element-populated\">\n<div class=\"elementor-widget-wrap\">\n<div class=\"elementor-widget elementor-element elementor-element-hne8tsj elementor-widget-text-editor\" data-element_type=\"text-editor\">\n<div class=\"elementor-widget-container\">\n<div class=\"elementor-text-editor rte-content\">\n<p><span>Tienda original en el n\u00famero 15 de la calle Pr\u00edncipe en Madrid, en los a\u00f1os 30<\/span><\/p>\n<\/div>\n<\/div>\n<\/div>\n<\/div>\n<\/div>\n<\/div>\n<div class=\"elementor-column elementor-element elementor-element-my8el3r elementor-col-50 elementor-top-column\" data-element_type=\"column\">\n<div class=\"elementor-column-wrap elementor-element-populated\">\n<div class=\"elementor-widget-wrap\">\n<div class=\"elementor-widget elementor-element elementor-element-mpei72h elementor-widget-text-editor\" data-element_type=\"text-editor\">\n<div class=\"elementor-widget-container\">\n<div class=\"elementor-text-editor rte-content\"><\/div>\n<\/div>\n<\/div>\n<\/div>\n<\/div>\n<\/div>\n<p>[\/et_pb_text][\/et_pb_column][et_pb_column _builder_version=\u00bb4.27.2&#8243; _module_preset=\u00bbdefault\u00bb type=\u00bb1_2&#8243; theme_builder_area=\u00bbpost_content\u00bb][et_pb_text _builder_version=\u00bb4.27.2&#8243; _module_preset=\u00bbdefault\u00bb theme_builder_area=\u00bbpost_content\u00bb hover_enabled=\u00bb0&#8243; sticky_enabled=\u00bb0&#8243;]<\/p>\n<p><span>Este mes de marzo celebramos el\u00a0<\/span><strong>95 aniversario\u00a0<\/strong><span>de nuestro centro de Cottet \u00d3ptica y Audiolog\u00eda, ubicado en la calle Pr\u00edncipe, en Madrid.\u00a0<\/span><strong>Fundado en 1930\u00a0<\/strong><span>por Renato Cottet, segunda generaci\u00f3n Cottet. Este establecimiento se ha convertido en un referente en salud visual y auditiva, consolidando la historia de una familia y un negocio que ha liderado el sector de la \u00f3ptica y audiolog\u00eda a lo largo de cuatro generaciones.<\/span><\/p>\n<p><span><\/span><\/p>\n<p><strong><\/strong><span>La historia de Cottet comenz\u00f3 en 1840 en Francia y en Espa\u00f1a en 1902 en Barcelona cuando<\/span><strong>\u00a0Constantino Cottet abri\u00f3 la primera \u00f3ptica Cottet en Barcelona en la avenida del Portal de \u00c1ngel<\/strong><span>, epicentro cultural y comercial de la \u00e9poca, cumpliendo as\u00ed un sue\u00f1o, que se inici\u00f3 con su visita a la Exposici\u00f3n Universal de 1888 para vender las gafas que la familia Cottet fabricaba en Francia, en la regi\u00f3n de Morez du Jur\u00e1.<\/span><\/p>\n<p>[\/et_pb_text][\/et_pb_column][\/et_pb_row][et_pb_row _builder_version=\u00bb4.27.2&#8243; _module_preset=\u00bbdefault\u00bb theme_builder_area=\u00bbpost_content\u00bb][et_pb_column _builder_version=\u00bb4.27.2&#8243; _module_preset=\u00bbdefault\u00bb type=\u00bb4_4&#8243; theme_builder_area=\u00bbpost_content\u00bb][et_pb_text _builder_version=\u00bb4.27.2&#8243; _module_preset=\u00bbdefault\u00bb theme_builder_area=\u00bbpost_content\u00bb hover_enabled=\u00bb0&#8243; sticky_enabled=\u00bb0&#8243;]<\/p>\n<div class=\"elementor-widget elementor-element elementor-element-njqoe6n elementor-widget-heading\" data-element_type=\"heading\">\n<div class=\"elementor-widget-container\">\n<h5 class=\"elementor-heading-title elementor-size-large none\"><span>\u00ab<\/span><\/h5>\n<\/div>\n<\/div>\n<div class=\"elementor-widget elementor-element elementor-element-eujc8m0 elementor-widget-heading\" data-element_type=\"heading\">\n<div class=\"elementor-widget-container\">\n<h5 class=\"elementor-heading-title elementor-size-default none\"><span>\u00abCelebrar 95 a\u00f1os en Madrid es un hito que refleja la confianza de nuestros clientes y nuestro firme compromiso con la innovaci\u00f3n y la excelencia en el sector \u00f3ptico y auditivo\u00bb<\/span><\/h5>\n<\/div>\n<\/div>\n<div class=\"elementor-widget elementor-element elementor-element-6gmcsdd elementor-widget-text-editor\" data-element_type=\"text-editor\">\n<div class=\"elementor-widget-container\">\n<div class=\"elementor-text-editor rte-content\">\n<p><span>Javier Cottet, presidente de Cottet \u00d3ptica y Audiolog\u00eda<\/span><\/p>\n<p><span>\u00a0<\/span><\/p>\n<\/div>\n<\/div>\n<\/div>\n<div class=\"elementor-widget elementor-element elementor-element-h8izdst elementor-widget-heading\" data-element_type=\"heading\">\n<div class=\"elementor-widget-container\">\n<h5 class=\"elementor-heading-title elementor-size-default none\"><span>\u00ab<\/span><\/h5>\n<\/div>\n<\/div>\n<p>[\/et_pb_text][et_pb_image src=\u00bbhttps:\/\/cottet.com\/blog\/wp-content\/uploads\/2025\/03\/principe-4.jpg\u00bb _builder_version=\u00bb4.27.2&#8243; _module_preset=\u00bbdefault\u00bb theme_builder_area=\u00bbpost_content\u00bb title_text=\u00bbprincipe 4&#8243; align=\u00bbcenter\u00bb hover_enabled=\u00bb0&#8243; sticky_enabled=\u00bb0&#8243;][\/et_pb_image][et_pb_text _builder_version=\u00bb4.27.2&#8243; _module_preset=\u00bbdefault\u00bb theme_builder_area=\u00bbpost_content\u00bb hover_enabled=\u00bb0&#8243; sticky_enabled=\u00bb0&#8243;]<\/p>\n<p><span>Cartel del evento Guapa Con Gafas de 1976, que Cottet organizaba durante las fiestas de San Isidro.<\/span><\/p>\n<p>[\/et_pb_text][\/et_pb_column][\/et_pb_row][et_pb_row _builder_version=\u00bb4.27.2&#8243; _module_preset=\u00bbdefault\u00bb theme_builder_area=\u00bbpost_content\u00bb][et_pb_column _builder_version=\u00bb4.27.2&#8243; _module_preset=\u00bbdefault\u00bb type=\u00bb4_4&#8243; theme_builder_area=\u00bbpost_content\u00bb][et_pb_text _builder_version=\u00bb4.27.2&#8243; _module_preset=\u00bbdefault\u00bb theme_builder_area=\u00bbpost_content\u00bb hover_enabled=\u00bb0&#8243; sticky_enabled=\u00bb0&#8243;]<\/p>\n<p><span>Tras el fallecimiento repentino de Constantino Cottet en 1915, sus tres hijos tomaron las riendas del negocio. El menor,\u00a0<\/span><strong>Renato, se traslad\u00f3 a Madrid por razones de salud y en 1930 abri\u00f3 el primer establecimiento de Cottet \u00d3ptica en Madrid, en la calle Pr\u00edncipe, 17 (posteriormente renumerado a Calle Pr\u00edncipe, 15)<\/strong><span>, establecimiento que ahora cumple 95 a\u00f1os en la misma calle, pero en diferente n\u00famero, ubicado actualmente en la calle Pr\u00edncipe 5.<\/span><\/p>\n<p><span><\/span><\/p>\n<p>Cottet tambi\u00e9n ha dejado huella con iniciativas que marcaron la vida social de Madrid. Entre ellas, certamen\u00a0<strong>Guapa con Gafas<\/strong>, un importante evento organizado por Renato Cottet durante las fiestas de San Isidro y que caus\u00f3 furor durante las d\u00e9cadas de los 60 y 70. Este concurso, en el que las participantes luc\u00edan gafas con dise\u00f1os muy llamativos, cont\u00f3 con la presencia de j\u00f3venes que se convirtieron en rostros muy conocidos, como\u00a0<strong>Norma Duval\u00a0<\/strong>o\u00a0<strong>Massiel<\/strong>\u00a0que, con solo 17 a\u00f1os, se alz\u00f3 con el t\u00edtulo en una de sus ediciones. La cita obten\u00eda una gran cobertura medi\u00e1tica. Adem\u00e1s,<strong>\u00a0los carteles del certamen fueron dise\u00f1ados por el reconocido artista Juan Gatti<\/strong>, convirti\u00e9ndose en piezas ic\u00f3nicas del evento.<\/p>\n<p>[\/et_pb_text][et_pb_image src=\u00bbhttps:\/\/cottet.com\/blog\/wp-content\/uploads\/2025\/03\/principe-3.jpg\u00bb _builder_version=\u00bb4.27.2&#8243; _module_preset=\u00bbdefault\u00bb theme_builder_area=\u00bbpost_content\u00bb title_text=\u00bbprincipe 3&#8243; align=\u00bbcenter\u00bb hover_enabled=\u00bb0&#8243; sticky_enabled=\u00bb0&#8243;][\/et_pb_image][et_pb_text _builder_version=\u00bb4.27.2&#8243; _module_preset=\u00bbdefault\u00bb theme_builder_area=\u00bbpost_content\u00bb hover_enabled=\u00bb0&#8243; sticky_enabled=\u00bb0&#8243;]<\/p>\n<div class=\"elementor-widget elementor-element elementor-element-90jlg2h elementor-widget-text-editor\" data-element_type=\"text-editor\">\n<div class=\"elementor-widget-container\">\n<div class=\"elementor-text-editor rte-content\">\n<p><span>Publicidad de Cottet Madrid en 1966, donde las gafas empezaban a fusionarse con la moda.<\/span><\/p>\n<\/div>\n<\/div>\n<\/div>\n<div class=\"elementor-widget elementor-element elementor-element-xw3zhn7 elementor-widget-text-editor\" data-element_type=\"text-editor\">\n<div class=\"elementor-widget-container\">\n<div class=\"elementor-text-editor rte-content\"><\/div>\n<\/div>\n<\/div>\n<p>[\/et_pb_text][et_pb_text _builder_version=\u00bb4.27.2&#8243; _module_preset=\u00bbdefault\u00bb theme_builder_area=\u00bbpost_content\u00bb hover_enabled=\u00bb0&#8243; sticky_enabled=\u00bb0&#8243;]<\/p>\n<div class=\"elementor-widget elementor-element elementor-element-90jlg2h elementor-widget-text-editor\" data-element_type=\"text-editor\">\n<div class=\"elementor-widget-container\">\n<div class=\"elementor-text-editor rte-content\">\n<p><span>Desde entonces, en Cottet hemos mantenido nuestro\u00a0<strong>compromiso con la excelencia, la innovaci\u00f3n y el mejor servicio en salud visual y auditiva<\/strong>.\u00a0\u00a0<strong>Actualmente, bajo la direcci\u00f3n<\/strong>\u00a0<strong>de\u00a0<\/strong>la cuarta generaci\u00f3n de la familia, encabezada por\u00a0<strong>Javier Cottet como presidente desde 2018<\/strong>. Con 38 centros de \u00f3ptica y audiolog\u00eda, de los cuales 7 est\u00e1n en Madrid, seguimos ofreciendo las mejores marcas, marcas propias de alta calidad como Cottet Barcelona, Legacy 1840 o Urban y las \u00faltimas novedades en gafas inteligentes, lentes de contacto, aud\u00edfonos de \u00faltima generaci\u00f3n y otras ayudas auditivas, tanto en nuestros centros como en nuestra web.<\/span><\/p>\n<p><span>A todos nuestros clientes,\u00a0<strong>\u00a1gracias por confiar en nosotros y por ser parte esencial de nuestra historia!<\/strong><\/span><\/p>\n<\/div>\n<\/div>\n<\/div>\n<p>[\/et_pb_text][\/et_pb_column][\/et_pb_row][\/et_pb_section]<\/p>\n","protected":false},"excerpt":{"rendered":"<p>\u00a1Celebramos el 95 aniversario de nuestro centro Cottet Pr\u00edncipe! Primera publicidad de la tienda documentada, a principios de los a\u00f1os 30 Tienda original en el n\u00famero 15 de la calle Pr\u00edncipe en Madrid, en los a\u00f1os 30 Este mes de marzo celebramos el\u00a095 aniversario\u00a0de nuestro centro de Cottet \u00d3ptica y Audiolog\u00eda, ubicado en la calle [&hellip;]<\/p>\n","protected":false},"author":1,"featured_media":631,"comment_status":"closed","ping_status":"open","sticky":false,"template":"","format":"standard","meta":{"_et_pb_use_builder":"on","_et_pb_old_content":"","_et_gb_content_width":"","footnotes":""},"categories":[8],"tags":[],"class_list":["post-630","post","type-post","status-publish","format-standard","has-post-thumbnail","hentry","category-news"],"yoast_head":"<!-- This site is optimized with the Yoast SEO plugin v25.3 - https:\/\/yoast.com\/wordpress\/plugins\/seo\/ -->\n<title>\u00a1Celebramos el 95 aniversario de nuestro centro Cottet Pr\u00edncipe! - Cottet Blog<\/title>\n<meta name=\"robots\" content=\"index, follow, max-snippet:-1, max-image-preview:large, max-video-preview:-1\" \/>\n<link rel=\"canonical\" href=\"https:\/\/www.cottet.com\/blog\/celebramos-el-95-aniversario-de-nuestro-centro-cottet-principe\/\" \/>\n<meta property=\"og:locale\" content=\"es_ES\" \/>\n<meta property=\"og:type\" content=\"article\" \/>\n<meta property=\"og:title\" content=\"\u00a1Celebramos el 95 aniversario de nuestro centro Cottet Pr\u00edncipe! - Cottet Blog\" \/>\n<meta property=\"og:description\" content=\"\u00a1Celebramos el 95 aniversario de nuestro centro Cottet Pr\u00edncipe! Primera publicidad de la tienda documentada, a principios de los a\u00f1os 30 Tienda original en el n\u00famero 15 de la calle Pr\u00edncipe en Madrid, en los a\u00f1os 30 Este mes de marzo celebramos el\u00a095 aniversario\u00a0de nuestro centro de Cottet \u00d3ptica y Audiolog\u00eda, ubicado en la calle [&hellip;]\" \/>\n<meta property=\"og:url\" content=\"https:\/\/www.cottet.com\/blog\/celebramos-el-95-aniversario-de-nuestro-centro-cottet-principe\/\" \/>\n<meta property=\"og:site_name\" content=\"Cottet Blog\" \/>\n<meta property=\"article:publisher\" content=\"https:\/\/www.facebook.com\/Cottet1902\/\" \/>\n<meta property=\"article:published_time\" content=\"2025-03-27T11:03:00+00:00\" \/>\n<meta property=\"article:modified_time\" content=\"2025-12-10T08:01:46+00:00\" \/>\n<meta property=\"og:image\" content=\"https:\/\/www.cottet.com\/blog\/wp-content\/uploads\/2025\/03\/126-thumb.jpg\" \/>\n\t<meta property=\"og:image:width\" content=\"453\" \/>\n\t<meta property=\"og:image:height\" content=\"658\" \/>\n\t<meta property=\"og:image:type\" content=\"image\/jpeg\" \/>\n<meta name=\"author\" content=\"Cottet\" \/>\n<meta name=\"twitter:card\" content=\"summary_large_image\" \/>\n<meta name=\"twitter:creator\" content=\"@cottet1902\" \/>\n<meta name=\"twitter:site\" content=\"@cottet1902\" \/>\n<meta name=\"twitter:label1\" content=\"Escrito por\" \/>\n\t<meta name=\"twitter:data1\" content=\"Cottet\" \/>\n\t<meta name=\"twitter:label2\" content=\"Tiempo de lectura\" \/>\n\t<meta name=\"twitter:data2\" content=\"5 minutos\" \/>\n<script type=\"application\/ld+json\" class=\"yoast-schema-graph\">{\"@context\":\"https:\/\/schema.org\",\"@graph\":[{\"@type\":\"Article\",\"@id\":\"https:\/\/www.cottet.com\/blog\/celebramos-el-95-aniversario-de-nuestro-centro-cottet-principe\/#article\",\"isPartOf\":{\"@id\":\"https:\/\/www.cottet.com\/blog\/celebramos-el-95-aniversario-de-nuestro-centro-cottet-principe\/\"},\"author\":{\"name\":\"Cottet\",\"@id\":\"https:\/\/www.cottet.com\/blog\/#\/schema\/person\/1f6d32959d38031faf5b70f8b45faccd\"},\"headline\":\"\u00a1Celebramos el 95 aniversario de nuestro centro Cottet Pr\u00edncipe!\",\"datePublished\":\"2025-03-27T11:03:00+00:00\",\"dateModified\":\"2025-12-10T08:01:46+00:00\",\"mainEntityOfPage\":{\"@id\":\"https:\/\/www.cottet.com\/blog\/celebramos-el-95-aniversario-de-nuestro-centro-cottet-principe\/\"},\"wordCount\":1064,\"publisher\":{\"@id\":\"https:\/\/www.cottet.com\/blog\/#organization\"},\"image\":{\"@id\":\"https:\/\/www.cottet.com\/blog\/celebramos-el-95-aniversario-de-nuestro-centro-cottet-principe\/#primaryimage\"},\"thumbnailUrl\":\"https:\/\/www.cottet.com\/blog\/wp-content\/uploads\/2025\/03\/126-thumb.jpg\",\"articleSection\":[\"News\"],\"inLanguage\":\"es\"},{\"@type\":\"WebPage\",\"@id\":\"https:\/\/www.cottet.com\/blog\/celebramos-el-95-aniversario-de-nuestro-centro-cottet-principe\/\",\"url\":\"https:\/\/www.cottet.com\/blog\/celebramos-el-95-aniversario-de-nuestro-centro-cottet-principe\/\",\"name\":\"\u00a1Celebramos el 95 aniversario de nuestro centro Cottet Pr\u00edncipe! - Cottet Blog\",\"isPartOf\":{\"@id\":\"https:\/\/www.cottet.com\/blog\/#website\"},\"primaryImageOfPage\":{\"@id\":\"https:\/\/www.cottet.com\/blog\/celebramos-el-95-aniversario-de-nuestro-centro-cottet-principe\/#primaryimage\"},\"image\":{\"@id\":\"https:\/\/www.cottet.com\/blog\/celebramos-el-95-aniversario-de-nuestro-centro-cottet-principe\/#primaryimage\"},\"thumbnailUrl\":\"https:\/\/www.cottet.com\/blog\/wp-content\/uploads\/2025\/03\/126-thumb.jpg\",\"datePublished\":\"2025-03-27T11:03:00+00:00\",\"dateModified\":\"2025-12-10T08:01:46+00:00\",\"breadcrumb\":{\"@id\":\"https:\/\/www.cottet.com\/blog\/celebramos-el-95-aniversario-de-nuestro-centro-cottet-principe\/#breadcrumb\"},\"inLanguage\":\"es\",\"potentialAction\":[{\"@type\":\"ReadAction\",\"target\":[\"https:\/\/www.cottet.com\/blog\/celebramos-el-95-aniversario-de-nuestro-centro-cottet-principe\/\"]}]},{\"@type\":\"ImageObject\",\"inLanguage\":\"es\",\"@id\":\"https:\/\/www.cottet.com\/blog\/celebramos-el-95-aniversario-de-nuestro-centro-cottet-principe\/#primaryimage\",\"url\":\"https:\/\/www.cottet.com\/blog\/wp-content\/uploads\/2025\/03\/126-thumb.jpg\",\"contentUrl\":\"https:\/\/www.cottet.com\/blog\/wp-content\/uploads\/2025\/03\/126-thumb.jpg\",\"width\":453,\"height\":658},{\"@type\":\"BreadcrumbList\",\"@id\":\"https:\/\/www.cottet.com\/blog\/celebramos-el-95-aniversario-de-nuestro-centro-cottet-principe\/#breadcrumb\",\"itemListElement\":[{\"@type\":\"ListItem\",\"position\":1,\"name\":\"Portada\",\"item\":\"https:\/\/www.cottet.com\/blog\/\"},{\"@type\":\"ListItem\",\"position\":2,\"name\":\"\u00a1Celebramos el 95 aniversario de nuestro centro Cottet Pr\u00edncipe!\"}]},{\"@type\":\"WebSite\",\"@id\":\"https:\/\/www.cottet.com\/blog\/#website\",\"url\":\"https:\/\/www.cottet.com\/blog\/\",\"name\":\"Cottet Blog\",\"description\":\"\",\"publisher\":{\"@id\":\"https:\/\/www.cottet.com\/blog\/#organization\"},\"potentialAction\":[{\"@type\":\"SearchAction\",\"target\":{\"@type\":\"EntryPoint\",\"urlTemplate\":\"https:\/\/www.cottet.com\/blog\/?s={search_term_string}\"},\"query-input\":{\"@type\":\"PropertyValueSpecification\",\"valueRequired\":true,\"valueName\":\"search_term_string\"}}],\"inLanguage\":\"es\"},{\"@type\":\"Organization\",\"@id\":\"https:\/\/www.cottet.com\/blog\/#organization\",\"name\":\"Cottet Blog\",\"url\":\"https:\/\/www.cottet.com\/blog\/\",\"logo\":{\"@type\":\"ImageObject\",\"inLanguage\":\"es\",\"@id\":\"https:\/\/www.cottet.com\/blog\/#\/schema\/logo\/image\/\",\"url\":\"https:\/\/www.cottet.com\/blog\/wp-content\/uploads\/2025\/03\/logo-1673367279.png\",\"contentUrl\":\"https:\/\/www.cottet.com\/blog\/wp-content\/uploads\/2025\/03\/logo-1673367279.png\",\"width\":200,\"height\":40,\"caption\":\"Cottet Blog\"},\"image\":{\"@id\":\"https:\/\/www.cottet.com\/blog\/#\/schema\/logo\/image\/\"},\"sameAs\":[\"https:\/\/www.facebook.com\/Cottet1902\/\",\"https:\/\/x.com\/cottet1902\",\"https:\/\/www.instagram.com\/cottet_oficial\/\",\"https:\/\/www.tiktok.com\/@cottet_oficial\",\"https:\/\/www.youtube.com\/user\/CottetOptica\"]},{\"@type\":\"Person\",\"@id\":\"https:\/\/www.cottet.com\/blog\/#\/schema\/person\/1f6d32959d38031faf5b70f8b45faccd\",\"name\":\"Cottet\",\"image\":{\"@type\":\"ImageObject\",\"inLanguage\":\"es\",\"@id\":\"https:\/\/www.cottet.com\/blog\/#\/schema\/person\/image\/\",\"url\":\"https:\/\/secure.gravatar.com\/avatar\/6fc9db6880b98e4db810d9e79a975cc731a427bdefd1e98caedd7c29a0027241?s=96&d=mm&r=g\",\"contentUrl\":\"https:\/\/secure.gravatar.com\/avatar\/6fc9db6880b98e4db810d9e79a975cc731a427bdefd1e98caedd7c29a0027241?s=96&d=mm&r=g\",\"caption\":\"Cottet\"},\"sameAs\":[\"https:\/\/cottet.com\/blog\"],\"url\":\"https:\/\/www.cottet.com\/blog\/author\/cottet\/\"}]}<\/script>\n<!-- \/ Yoast SEO plugin. -->","yoast_head_json":{"title":"\u00a1Celebramos el 95 aniversario de nuestro centro Cottet Pr\u00edncipe! - Cottet Blog","robots":{"index":"index","follow":"follow","max-snippet":"max-snippet:-1","max-image-preview":"max-image-preview:large","max-video-preview":"max-video-preview:-1"},"canonical":"https:\/\/www.cottet.com\/blog\/celebramos-el-95-aniversario-de-nuestro-centro-cottet-principe\/","og_locale":"es_ES","og_type":"article","og_title":"\u00a1Celebramos el 95 aniversario de nuestro centro Cottet Pr\u00edncipe! - Cottet Blog","og_description":"\u00a1Celebramos el 95 aniversario de nuestro centro Cottet Pr\u00edncipe! Primera publicidad de la tienda documentada, a principios de los a\u00f1os 30 Tienda original en el n\u00famero 15 de la calle Pr\u00edncipe en Madrid, en los a\u00f1os 30 Este mes de marzo celebramos el\u00a095 aniversario\u00a0de nuestro centro de Cottet \u00d3ptica y Audiolog\u00eda, ubicado en la calle [&hellip;]","og_url":"https:\/\/www.cottet.com\/blog\/celebramos-el-95-aniversario-de-nuestro-centro-cottet-principe\/","og_site_name":"Cottet Blog","article_publisher":"https:\/\/www.facebook.com\/Cottet1902\/","article_published_time":"2025-03-27T11:03:00+00:00","article_modified_time":"2025-12-10T08:01:46+00:00","og_image":[{"width":453,"height":658,"url":"https:\/\/www.cottet.com\/blog\/wp-content\/uploads\/2025\/03\/126-thumb.jpg","type":"image\/jpeg"}],"author":"Cottet","twitter_card":"summary_large_image","twitter_creator":"@cottet1902","twitter_site":"@cottet1902","twitter_misc":{"Escrito por":"Cottet","Tiempo de lectura":"5 minutos"},"schema":{"@context":"https:\/\/schema.org","@graph":[{"@type":"Article","@id":"https:\/\/www.cottet.com\/blog\/celebramos-el-95-aniversario-de-nuestro-centro-cottet-principe\/#article","isPartOf":{"@id":"https:\/\/www.cottet.com\/blog\/celebramos-el-95-aniversario-de-nuestro-centro-cottet-principe\/"},"author":{"name":"Cottet","@id":"https:\/\/www.cottet.com\/blog\/#\/schema\/person\/1f6d32959d38031faf5b70f8b45faccd"},"headline":"\u00a1Celebramos el 95 aniversario de nuestro centro Cottet Pr\u00edncipe!","datePublished":"2025-03-27T11:03:00+00:00","dateModified":"2025-12-10T08:01:46+00:00","mainEntityOfPage":{"@id":"https:\/\/www.cottet.com\/blog\/celebramos-el-95-aniversario-de-nuestro-centro-cottet-principe\/"},"wordCount":1064,"publisher":{"@id":"https:\/\/www.cottet.com\/blog\/#organization"},"image":{"@id":"https:\/\/www.cottet.com\/blog\/celebramos-el-95-aniversario-de-nuestro-centro-cottet-principe\/#primaryimage"},"thumbnailUrl":"https:\/\/www.cottet.com\/blog\/wp-content\/uploads\/2025\/03\/126-thumb.jpg","articleSection":["News"],"inLanguage":"es"},{"@type":"WebPage","@id":"https:\/\/www.cottet.com\/blog\/celebramos-el-95-aniversario-de-nuestro-centro-cottet-principe\/","url":"https:\/\/www.cottet.com\/blog\/celebramos-el-95-aniversario-de-nuestro-centro-cottet-principe\/","name":"\u00a1Celebramos el 95 aniversario de nuestro centro Cottet Pr\u00edncipe! - Cottet Blog","isPartOf":{"@id":"https:\/\/www.cottet.com\/blog\/#website"},"primaryImageOfPage":{"@id":"https:\/\/www.cottet.com\/blog\/celebramos-el-95-aniversario-de-nuestro-centro-cottet-principe\/#primaryimage"},"image":{"@id":"https:\/\/www.cottet.com\/blog\/celebramos-el-95-aniversario-de-nuestro-centro-cottet-principe\/#primaryimage"},"thumbnailUrl":"https:\/\/www.cottet.com\/blog\/wp-content\/uploads\/2025\/03\/126-thumb.jpg","datePublished":"2025-03-27T11:03:00+00:00","dateModified":"2025-12-10T08:01:46+00:00","breadcrumb":{"@id":"https:\/\/www.cottet.com\/blog\/celebramos-el-95-aniversario-de-nuestro-centro-cottet-principe\/#breadcrumb"},"inLanguage":"es","potentialAction":[{"@type":"ReadAction","target":["https:\/\/www.cottet.com\/blog\/celebramos-el-95-aniversario-de-nuestro-centro-cottet-principe\/"]}]},{"@type":"ImageObject","inLanguage":"es","@id":"https:\/\/www.cottet.com\/blog\/celebramos-el-95-aniversario-de-nuestro-centro-cottet-principe\/#primaryimage","url":"https:\/\/www.cottet.com\/blog\/wp-content\/uploads\/2025\/03\/126-thumb.jpg","contentUrl":"https:\/\/www.cottet.com\/blog\/wp-content\/uploads\/2025\/03\/126-thumb.jpg","width":453,"height":658},{"@type":"BreadcrumbList","@id":"https:\/\/www.cottet.com\/blog\/celebramos-el-95-aniversario-de-nuestro-centro-cottet-principe\/#breadcrumb","itemListElement":[{"@type":"ListItem","position":1,"name":"Portada","item":"https:\/\/www.cottet.com\/blog\/"},{"@type":"ListItem","position":2,"name":"\u00a1Celebramos el 95 aniversario de nuestro centro Cottet Pr\u00edncipe!"}]},{"@type":"WebSite","@id":"https:\/\/www.cottet.com\/blog\/#website","url":"https:\/\/www.cottet.com\/blog\/","name":"Cottet Blog","description":"","publisher":{"@id":"https:\/\/www.cottet.com\/blog\/#organization"},"potentialAction":[{"@type":"SearchAction","target":{"@type":"EntryPoint","urlTemplate":"https:\/\/www.cottet.com\/blog\/?s={search_term_string}"},"query-input":{"@type":"PropertyValueSpecification","valueRequired":true,"valueName":"search_term_string"}}],"inLanguage":"es"},{"@type":"Organization","@id":"https:\/\/www.cottet.com\/blog\/#organization","name":"Cottet Blog","url":"https:\/\/www.cottet.com\/blog\/","logo":{"@type":"ImageObject","inLanguage":"es","@id":"https:\/\/www.cottet.com\/blog\/#\/schema\/logo\/image\/","url":"https:\/\/www.cottet.com\/blog\/wp-content\/uploads\/2025\/03\/logo-1673367279.png","contentUrl":"https:\/\/www.cottet.com\/blog\/wp-content\/uploads\/2025\/03\/logo-1673367279.png","width":200,"height":40,"caption":"Cottet Blog"},"image":{"@id":"https:\/\/www.cottet.com\/blog\/#\/schema\/logo\/image\/"},"sameAs":["https:\/\/www.facebook.com\/Cottet1902\/","https:\/\/x.com\/cottet1902","https:\/\/www.instagram.com\/cottet_oficial\/","https:\/\/www.tiktok.com\/@cottet_oficial","https:\/\/www.youtube.com\/user\/CottetOptica"]},{"@type":"Person","@id":"https:\/\/www.cottet.com\/blog\/#\/schema\/person\/1f6d32959d38031faf5b70f8b45faccd","name":"Cottet","image":{"@type":"ImageObject","inLanguage":"es","@id":"https:\/\/www.cottet.com\/blog\/#\/schema\/person\/image\/","url":"https:\/\/secure.gravatar.com\/avatar\/6fc9db6880b98e4db810d9e79a975cc731a427bdefd1e98caedd7c29a0027241?s=96&d=mm&r=g","contentUrl":"https:\/\/secure.gravatar.com\/avatar\/6fc9db6880b98e4db810d9e79a975cc731a427bdefd1e98caedd7c29a0027241?s=96&d=mm&r=g","caption":"Cottet"},"sameAs":["https:\/\/cottet.com\/blog"],"url":"https:\/\/www.cottet.com\/blog\/author\/cottet\/"}]}},"_links":{"self":[{"href":"https:\/\/www.cottet.com\/blog\/wp-json\/wp\/v2\/posts\/630","targetHints":{"allow":["GET"]}}],"collection":[{"href":"https:\/\/www.cottet.com\/blog\/wp-json\/wp\/v2\/posts"}],"about":[{"href":"https:\/\/www.cottet.com\/blog\/wp-json\/wp\/v2\/types\/post"}],"author":[{"embeddable":true,"href":"https:\/\/www.cottet.com\/blog\/wp-json\/wp\/v2\/users\/1"}],"replies":[{"embeddable":true,"href":"https:\/\/www.cottet.com\/blog\/wp-json\/wp\/v2\/comments?post=630"}],"version-history":[{"count":4,"href":"https:\/\/www.cottet.com\/blog\/wp-json\/wp\/v2\/posts\/630\/revisions"}],"predecessor-version":[{"id":643,"href":"https:\/\/www.cottet.com\/blog\/wp-json\/wp\/v2\/posts\/630\/revisions\/643"}],"wp:featuredmedia":[{"embeddable":true,"href":"https:\/\/www.cottet.com\/blog\/wp-json\/wp\/v2\/media\/631"}],"wp:attachment":[{"href":"https:\/\/www.cottet.com\/blog\/wp-json\/wp\/v2\/media?parent=630"}],"wp:term":[{"taxonomy":"category","embeddable":true,"href":"https:\/\/www.cottet.com\/blog\/wp-json\/wp\/v2\/categories?post=630"},{"taxonomy":"post_tag","embeddable":true,"href":"https:\/\/www.cottet.com\/blog\/wp-json\/wp\/v2\/tags?post=630"}],"curies":[{"name":"wp","href":"https:\/\/api.w.org\/{rel}","templated":true}]}}