{"id":623,"date":"2025-03-17T12:00:00","date_gmt":"2025-03-17T11:00:00","guid":{"rendered":"https:\/\/cottet.com\/blog\/?p=623"},"modified":"2025-12-10T09:01:47","modified_gmt":"2025-12-10T08:01:47","slug":"lentillas-gafas-seguridad-social","status":"publish","type":"post","link":"https:\/\/www.cottet.com\/blog\/lentillas-gafas-seguridad-social\/","title":{"rendered":"\u00bfLa Seguridad Social cubre gafas y lentillas? Lo que debes saber"},"content":{"rendered":"<p>[et_pb_section fb_built=\u00bb1&#8243; _builder_version=\u00bb4.27.2&#8243; _module_preset=\u00bbdefault\u00bb global_colors_info=\u00bb{}\u00bb][et_pb_row _builder_version=\u00bb4.27.2&#8243; _module_preset=\u00bbdefault\u00bb global_colors_info=\u00bb{}\u00bb][et_pb_column type=\u00bb4_4&#8243; _builder_version=\u00bb4.27.2&#8243; _module_preset=\u00bbdefault\u00bb global_colors_info=\u00bb{}\u00bb][et_pb_text _builder_version=\u00bb4.27.2&#8243; _module_preset=\u00bbdefault\u00bb custom_padding=\u00bb||0px|||\u00bb hover_enabled=\u00bb0&#8243; global_colors_info=\u00bb{}\u00bb sticky_enabled=\u00bb0&#8243;]<\/p>\n<p><span style=\"font-weight: 400;\">Si llevas gafas o usas lentillas, es muy probable que en alg\u00fan momento te hayas preguntado si la Seguridad Social cubre parte del gasto. No es ninguna tonter\u00eda: entre revisiones, monturas, cristales y lentillas, los costes se acumulan.<\/span><\/p>\n<p><span style=\"font-weight: 400;\">La realidad es que el sistema p\u00fablico de salud en Espa\u00f1a no siempre ofrece cobertura directa para gafas o lentillas, pero hay excepciones, ayudas puntuales y opciones alternativas que merece la pena conocer. En este art\u00edculo, resolvemos todas las dudas de forma clara y sencilla, para que sepas cu\u00e1ndo puedes recibir lentillas y gafas por la Seguridad Social y c\u00f3mo solicitarla.<\/span><\/p>\n<h2 style=\"height: 60px;\">\u00bfLa Seguridad Social cubre el coste de gafas y lentillas?<\/h2>\n<h3><span style=\"font-weight: 400;\">Qu\u00e9 dice la legislaci\u00f3n actual sobre lentes correctoras<\/span><\/h3>\n<p><span style=\"font-weight: 400;\">A d\u00eda de hoy, ya no est\u00e1n contempladas las <\/span><a href=\"https:\/\/www.cottet.com\/es\/lentillas-lentes-contacto-diarias-mensuales\/\"><span style=\"font-weight: 400;\">lentillas<\/span><\/a><span style=\"font-weight: 400;\"> y <\/span><a href=\"https:\/\/www.cottet.com\/es\/gafas-graduadas\/\"><span style=\"font-weight: 400;\">gafas<\/span><\/a><span style=\"font-weight: 400;\"> por la Seguridad Social como norma general para la mayor\u00eda de personas. Esto significa que, si tienes miop\u00eda, hipermetrop\u00eda o astigmatismo y necesitas correcci\u00f3n visual, tendr\u00e1s que asumir el coste t\u00fa mismo.<\/span><\/p>\n<h3><span style=\"font-weight: 400;\">Casos excepcionales con cobertura parcial<\/span><\/h3>\n<p><span style=\"font-weight: 400;\">Hay excepciones. En situaciones muy concretas (como enfermedades oculares raras, intervenciones quir\u00fargicas espec\u00edficas o discapacidades visuales graves), puede contemplarse una ayuda o cobertura parcial de lentillas y gafas por la Seguridad Social.<\/span><\/p>\n<h3><span style=\"font-weight: 400;\">Situaciones m\u00e9dicas que s\u00ed pueden estar cubiertas<\/span><\/h3>\n<p><span style=\"font-weight: 400;\">Las lentillas y gafas por la Seguridad Social en algunos casos, puede que este sea tu caso:\u00a0<\/span><\/p>\n<ul>\n<li style=\"font-weight: 400;\" aria-level=\"1\"><span style=\"font-weight: 400;\">Pacientes con queratocono que necesitan lentes especiales r\u00edgidas.<\/span><\/li>\n<li style=\"font-weight: 400;\" aria-level=\"1\"><span style=\"font-weight: 400;\">Personas trasplantadas de c\u00f3rnea.<\/span><\/li>\n<li style=\"font-weight: 400;\" aria-level=\"1\"><span style=\"font-weight: 400;\">Casos graves de anisometrop\u00eda (gran diferencia de graduaci\u00f3n entre ambos ojos).<\/span><\/li>\n<\/ul>\n<p>[\/et_pb_text][et_pb_button button_url=\u00bbhttps:\/\/www.cottet.com\/es\/cita-online\u00bb url_new_window=\u00bbon\u00bb button_text=\u00bbPedir cita previa\u00bb button_alignment=\u00bbcenter\u00bb _builder_version=\u00bb4.27.2&#8243; _module_preset=\u00bbdefault\u00bb global_module=\u00bb1563&#8243; saved_tabs=\u00bball\u00bb global_colors_info=\u00bb{}\u00bb][\/et_pb_button][et_pb_text _builder_version=\u00bb4.27.2&#8243; _module_preset=\u00bbdefault\u00bb global_colors_info=\u00bb{}\u00bb]<\/p>\n<h2 style=\"height: 60px;\">Requisitos para acceder a ayudas para lentillas y gafas<\/h2>\n<h3><span style=\"font-weight: 400;\">Documentaci\u00f3n m\u00e9dica necesaria<\/span><\/h3>\n<p><span style=\"font-weight: 400;\">Si te encuentras en alguno de los casos excepcionales, lo primero es tener un informe m\u00e9dico detallado de tu oftalm\u00f3logo o del centro sanitario p\u00fablico que lleve tu caso para proceder a conseguir de manera gratuita las lentillas y gafas por la Seguridad Social.<\/span><\/p>\n<h3><span style=\"font-weight: 400;\">\u00a0Valoraci\u00f3n oftalmol\u00f3gica y prescripci\u00f3n<\/span><\/h3>\n<p><span style=\"font-weight: 400;\">Este informe debe justificar que necesitas lentes correctoras espec\u00edficas como parte del tratamiento y que no hay alternativa posible dentro del sistema p\u00fablico. Esta valoraci\u00f3n ser\u00e1 la que te abra las puertas a conseguir las <\/span><a href=\"https:\/\/www.cottet.com\/es\/lentillas-lentes-contacto-diarias-mensuales\/\"><span style=\"font-weight: 400;\">lentillas<\/span><\/a><span style=\"font-weight: 400;\"> y <\/span><a href=\"https:\/\/www.cottet.com\/es\/gafas-graduadas\/packs-a-89\/\"><span style=\"font-weight: 400;\">gafas<\/span><\/a><span style=\"font-weight: 400;\"> por la Seguridad Social.<\/span><\/p>\n<h3><span style=\"font-weight: 400;\">Tramitaci\u00f3n a trav\u00e9s del sistema de salud<\/span><\/h3>\n<p><span style=\"font-weight: 400;\">Con ese informe, el siguiente paso es hablar con tu m\u00e9dico de cabecera y con el trabajador social del centro de salud. Ellos te indicar\u00e1n si es posible iniciar un expediente de solicitud de ayuda o si se puede tramitar alguna derivaci\u00f3n hospitalaria, para poder conseguir lentillas y gafas por la Seguridad Social.<\/span><\/p>\n<h2 style=\"height: 60px;\"><span style=\"font-weight: 400;\">Ayudas y subvenciones para la compra de lentes correctoras<\/span><\/h2>\n<p><span style=\"font-weight: 400;\">Aunque la Seguridad Social no cubre directamente gafas o lentillas para la mayor\u00eda, algunas comunidades aut\u00f3nomas s\u00ed ofrecen ayudas econ\u00f3micas, sobre todo para colectivos espec\u00edficos, para poder conseguir la gratuidad lentillas y gafas por la Seguridad Social.<\/span><\/p>\n<h3><span style=\"font-weight: 400;\">Programas auton\u00f3micos de asistencia \u00f3ptica<\/span><\/h3>\n<p><span style=\"font-weight: 400;\">Dependiendo de d\u00f3nde vivas, puedes acceder a subvenciones puntuales para la compra de gafas graduadas o lentillas, especialmente si tienes pocos recursos econ\u00f3micos. Por ejemplo, comunidades como Navarra, Pa\u00eds Vasco o Catalu\u00f1a han lanzado programas de ayuda \u00f3ptica en a\u00f1os anteriores.<\/span><\/p>\n<h3><span style=\"font-weight: 400;\">Bonificaciones y cheques de ayuda para familias vulnerables<\/span><\/h3>\n<p><span style=\"font-weight: 400;\">Algunas comunidades o ayuntamientos ofrecen bonos o cheques \u00f3pticos para familias con ingresos bajos, especialmente si hay menores en casa. Suelen cubrir parte del coste de la montura o de los cristales b\u00e1sicos.<\/span><\/p>\n<h3><span style=\"font-weight: 400;\">Ayudas espec\u00edficas para menores y personas con discapacidad visual<\/span><\/h3>\n<p><span style=\"font-weight: 400;\">Los ni\u00f1os en edad escolar y las personas con discapacidad reconocida pueden tener m\u00e1s opciones que las gafas y lentillas por la Seguridad Social. En muchos casos, los colegios p\u00fablicos informan a las familias si hay campa\u00f1as activas para ayudarles con los gastos econ\u00f3micos.<\/span><\/p>\n<h2 style=\"height: 60px;\"><span style=\"font-weight: 400;\">\u00bfQu\u00e9 cubren las mutualidades y seguros complementarios?<\/span><\/h2>\n<h3><span style=\"font-weight: 400;\">Cobertura de MUFACE, ISFAS y MUGEJU<\/span><\/h3>\n<p><span style=\"font-weight: 400;\">Si perteneces a alg\u00fan r\u00e9gimen especial como MUFACE (funcionarios), ISFAS (militares) o MUGEJU (jueces y fiscales), puede que tengas derecho a reembolso parcial del gasto en gafas o lentillas. Depender\u00e1 de tu aseguradora (Adeslas, Asisa, DKV, etc.) y del tipo de p\u00f3liza que tengas.<\/span><\/p>\n<h3><span style=\"font-weight: 400;\">Diferencias con la Seguridad Social<\/span><\/h3>\n<p><span style=\"font-weight: 400;\">Mientras que en las lentillas y gafas por la Seguridad Social se cubre solo lo estrictamente sanitario, estas mutualidades permiten ciertas prestaciones \u00f3pticas si est\u00e1n incluidas en el contrato con la aseguradora. Es importante revisar bien la letra peque\u00f1a.<\/span><\/p>\n<h3><span style=\"font-weight: 400;\">Qu\u00e9 tener en cuenta al contratar un seguro \u00f3ptico privado<\/span><\/h3>\n<p><span style=\"font-weight: 400;\">Hay seguros m\u00e9dicos privados que incluyen revisiones visuales, descuentos en \u00f3pticas y una peque\u00f1a cobertura econ\u00f3mica para comprar gafas o lentillas. Si usas <\/span><a href=\"https:\/\/www.cottet.com\/es\/lentillas-lentes-contacto-diarias-mensuales\/lentes-de-contacto-dailies-aquacomfort-plus-progesivas-30-unidades.html\"><span style=\"font-weight: 400;\">lentillas diarias o mensuales<\/span><\/a><span style=\"font-weight: 400;\">, puede que te compense contratar uno m\u00e1s que esperar a conseguir la gratuidad de lentillas y gafas por la Seguridad Social.<\/span><\/p>\n<p>[\/et_pb_text][et_pb_button button_url=\u00bbhttps:\/\/www.cottet.com\/es\/cita-online\u00bb url_new_window=\u00bbon\u00bb button_text=\u00bbPedir cita previa\u00bb button_alignment=\u00bbcenter\u00bb _builder_version=\u00bb4.27.2&#8243; _module_preset=\u00bbdefault\u00bb global_module=\u00bb1563&#8243; saved_tabs=\u00bball\u00bb global_colors_info=\u00bb{}\u00bb][\/et_pb_button][et_pb_text _builder_version=\u00bb4.27.2&#8243; _module_preset=\u00bbdefault\u00bb global_colors_info=\u00bb{}\u00bb]<\/p>\n<h2 style=\"height: 60px;\"><span style=\"font-weight: 400;\">Consejos para ahorrar en la compra de gafas o lentillas sin perder calidad<\/span><\/h2>\n<h3><span style=\"font-weight: 400;\">Comparar precios y servicios<\/span><\/h3>\n<p><span style=\"font-weight: 400;\">Si quieres <\/span><a href=\"https:\/\/www.cottet.com\/es\/gafas-graduadas\/\"><span style=\"font-weight: 400;\">comprar gafas<\/span><\/a><span style=\"font-weight: 400;\"> no te quedes con la primera opci\u00f3n. Visita varias \u00f3pticas, pide presupuesto detallado y pregunta por promociones. A veces, el mismo producto puede costar la mitad seg\u00fan el lugar.<\/span><\/p>\n<h3><span style=\"font-weight: 400;\">Elegir la opci\u00f3n m\u00e1s adecuada seg\u00fan el uso<\/span><\/h3>\n<p><span style=\"font-weight: 400;\">Si usas lentillas a diario, valora pasarte a gafas para el d\u00eda a d\u00eda y reservar las lentillas para ocasiones puntuales. Esto alarga la vida \u00fatil y reduce gastos.<\/span><\/p>\n<h3><span style=\"font-weight: 400;\">Preguntar siempre por financiaci\u00f3n o promociones<\/span><\/h3>\n<p><span style=\"font-weight: 400;\">Muchas \u00f3pticas ofrecen pago a plazos sin intereses, packs de gafas + lentillas, o segundas gafas gratis. Pregunta sin miedo: ahorrar es posible si sabes c\u00f3mo.<\/span><\/p>\n<h2 style=\"height: 60px;\"><span style=\"font-weight: 400;\">Conclusi\u00f3n: qu\u00e9 debes saber antes de solicitar ayuda para gafas o lentillas<\/span><\/h2>\n<p><span style=\"font-weight: 400;\">Aunque conseguir lentillas y gafas por la Seguridad Social es algo complicado, existen excepciones, ayudas auton\u00f3micas y alternativas privadas que pueden marcar la diferencia. La clave est\u00e1 en informarse bien, hablar con tu oftalm\u00f3logo y explorar todas las opciones disponibles, desde programas p\u00fablicos hasta campa\u00f1as solidarias.<\/span><\/p>\n<p><span style=\"font-weight: 400;\">Y recuerda: cuidar tu vista no deber\u00eda ser un lujo. Con un poco de planificaci\u00f3n, puedes encontrar soluciones adaptadas a tu situaci\u00f3n sin renunciar a una buena salud visual. Si tienes cualquier problema con tu visi\u00f3n o audici\u00f3n no dudes y concierta una <\/span><a href=\"https:\/\/www.cottet.com\/es\/cita-online\"><span style=\"font-weight: 400;\">cita previa<\/span><\/a><span style=\"font-weight: 400;\"> en <\/span><a href=\"https:\/\/www.cottet.com\/es\/\"><span style=\"font-weight: 400;\">Cottet<\/span><\/a><span style=\"font-weight: 400;\">, \u00a1te esperamos!<\/span><\/p>\n<p>[\/et_pb_text][\/et_pb_column][\/et_pb_row][\/et_pb_section]<\/p>\n","protected":false},"excerpt":{"rendered":"<p>Es posible que la Seguridad Social se ocupe de los gastos de gafas y lentillas, descubre si este podr\u00eda ser tu caso<\/p>\n","protected":false},"author":1,"featured_media":624,"comment_status":"closed","ping_status":"open","sticky":false,"template":"","format":"standard","meta":{"_et_pb_use_builder":"on","_et_pb_old_content":"<!-- wp:divi\/placeholder \/-->","_et_gb_content_width":"","footnotes":""},"categories":[8],"tags":[],"class_list":["post-623","post","type-post","status-publish","format-standard","has-post-thumbnail","hentry","category-news"],"yoast_head":"<!-- This site is optimized with the Yoast SEO plugin v25.3 - https:\/\/yoast.com\/wordpress\/plugins\/seo\/ -->\n<title>\u00bfLa Seguridad Social cubre gafas y lentillas? Lo que debes saber - Cottet Blog<\/title>\n<meta name=\"description\" content=\"Descubre si la Seguridad Social cubre gafas y lentillas, qu\u00e9 requisitos existen y c\u00f3mo acceder a ayudas para lentes correctoras.\" \/>\n<meta name=\"robots\" content=\"index, follow, max-snippet:-1, max-image-preview:large, max-video-preview:-1\" \/>\n<link rel=\"canonical\" href=\"https:\/\/www.cottet.com\/blog\/lentillas-gafas-seguridad-social\/\" \/>\n<meta property=\"og:locale\" content=\"es_ES\" \/>\n<meta property=\"og:type\" content=\"article\" \/>\n<meta property=\"og:title\" content=\"\u00bfLa Seguridad Social cubre gafas y lentillas? Lo que debes saber - Cottet Blog\" \/>\n<meta property=\"og:description\" content=\"Descubre si la Seguridad Social cubre gafas y lentillas, qu\u00e9 requisitos existen y c\u00f3mo acceder a ayudas para lentes correctoras.\" \/>\n<meta property=\"og:url\" content=\"https:\/\/www.cottet.com\/blog\/lentillas-gafas-seguridad-social\/\" \/>\n<meta property=\"og:site_name\" content=\"Cottet Blog\" \/>\n<meta property=\"article:publisher\" content=\"https:\/\/www.facebook.com\/Cottet1902\/\" \/>\n<meta property=\"article:published_time\" content=\"2025-03-17T11:00:00+00:00\" \/>\n<meta property=\"article:modified_time\" content=\"2025-12-10T08:01:47+00:00\" \/>\n<meta property=\"og:image\" content=\"https:\/\/www.cottet.com\/blog\/wp-content\/uploads\/2025\/03\/125-thumb.png\" \/>\n\t<meta property=\"og:image:width\" content=\"413\" \/>\n\t<meta property=\"og:image:height\" content=\"251\" \/>\n\t<meta property=\"og:image:type\" content=\"image\/png\" \/>\n<meta name=\"author\" content=\"Cottet\" \/>\n<meta name=\"twitter:card\" content=\"summary_large_image\" \/>\n<meta name=\"twitter:creator\" content=\"@cottet1902\" \/>\n<meta name=\"twitter:site\" content=\"@cottet1902\" \/>\n<meta name=\"twitter:label1\" content=\"Escrito por\" \/>\n\t<meta name=\"twitter:data1\" content=\"Cottet\" \/>\n\t<meta name=\"twitter:label2\" content=\"Tiempo de lectura\" \/>\n\t<meta name=\"twitter:data2\" content=\"7 minutos\" \/>\n<script type=\"application\/ld+json\" class=\"yoast-schema-graph\">{\"@context\":\"https:\/\/schema.org\",\"@graph\":[{\"@type\":\"Article\",\"@id\":\"https:\/\/www.cottet.com\/blog\/lentillas-gafas-seguridad-social\/#article\",\"isPartOf\":{\"@id\":\"https:\/\/www.cottet.com\/blog\/lentillas-gafas-seguridad-social\/\"},\"author\":{\"name\":\"Cottet\",\"@id\":\"https:\/\/www.cottet.com\/blog\/#\/schema\/person\/1f6d32959d38031faf5b70f8b45faccd\"},\"headline\":\"\u00bfLa Seguridad Social cubre gafas y lentillas? Lo que debes saber\",\"datePublished\":\"2025-03-17T11:00:00+00:00\",\"dateModified\":\"2025-12-10T08:01:47+00:00\",\"mainEntityOfPage\":{\"@id\":\"https:\/\/www.cottet.com\/blog\/lentillas-gafas-seguridad-social\/\"},\"wordCount\":1243,\"publisher\":{\"@id\":\"https:\/\/www.cottet.com\/blog\/#organization\"},\"image\":{\"@id\":\"https:\/\/www.cottet.com\/blog\/lentillas-gafas-seguridad-social\/#primaryimage\"},\"thumbnailUrl\":\"https:\/\/www.cottet.com\/blog\/wp-content\/uploads\/2025\/03\/125-thumb.png\",\"articleSection\":[\"News\"],\"inLanguage\":\"es\"},{\"@type\":\"WebPage\",\"@id\":\"https:\/\/www.cottet.com\/blog\/lentillas-gafas-seguridad-social\/\",\"url\":\"https:\/\/www.cottet.com\/blog\/lentillas-gafas-seguridad-social\/\",\"name\":\"\u00bfLa Seguridad Social cubre gafas y lentillas? Lo que debes saber - Cottet Blog\",\"isPartOf\":{\"@id\":\"https:\/\/www.cottet.com\/blog\/#website\"},\"primaryImageOfPage\":{\"@id\":\"https:\/\/www.cottet.com\/blog\/lentillas-gafas-seguridad-social\/#primaryimage\"},\"image\":{\"@id\":\"https:\/\/www.cottet.com\/blog\/lentillas-gafas-seguridad-social\/#primaryimage\"},\"thumbnailUrl\":\"https:\/\/www.cottet.com\/blog\/wp-content\/uploads\/2025\/03\/125-thumb.png\",\"datePublished\":\"2025-03-17T11:00:00+00:00\",\"dateModified\":\"2025-12-10T08:01:47+00:00\",\"description\":\"Descubre si la Seguridad Social cubre gafas y lentillas, qu\u00e9 requisitos existen y c\u00f3mo acceder a ayudas para lentes correctoras.\",\"breadcrumb\":{\"@id\":\"https:\/\/www.cottet.com\/blog\/lentillas-gafas-seguridad-social\/#breadcrumb\"},\"inLanguage\":\"es\",\"potentialAction\":[{\"@type\":\"ReadAction\",\"target\":[\"https:\/\/www.cottet.com\/blog\/lentillas-gafas-seguridad-social\/\"]}]},{\"@type\":\"ImageObject\",\"inLanguage\":\"es\",\"@id\":\"https:\/\/www.cottet.com\/blog\/lentillas-gafas-seguridad-social\/#primaryimage\",\"url\":\"https:\/\/www.cottet.com\/blog\/wp-content\/uploads\/2025\/03\/125-thumb.png\",\"contentUrl\":\"https:\/\/www.cottet.com\/blog\/wp-content\/uploads\/2025\/03\/125-thumb.png\",\"width\":413,\"height\":251},{\"@type\":\"BreadcrumbList\",\"@id\":\"https:\/\/www.cottet.com\/blog\/lentillas-gafas-seguridad-social\/#breadcrumb\",\"itemListElement\":[{\"@type\":\"ListItem\",\"position\":1,\"name\":\"Portada\",\"item\":\"https:\/\/www.cottet.com\/blog\/\"},{\"@type\":\"ListItem\",\"position\":2,\"name\":\"\u00bfLa Seguridad Social cubre gafas y lentillas? Lo que debes saber\"}]},{\"@type\":\"WebSite\",\"@id\":\"https:\/\/www.cottet.com\/blog\/#website\",\"url\":\"https:\/\/www.cottet.com\/blog\/\",\"name\":\"Cottet Blog\",\"description\":\"\",\"publisher\":{\"@id\":\"https:\/\/www.cottet.com\/blog\/#organization\"},\"potentialAction\":[{\"@type\":\"SearchAction\",\"target\":{\"@type\":\"EntryPoint\",\"urlTemplate\":\"https:\/\/www.cottet.com\/blog\/?s={search_term_string}\"},\"query-input\":{\"@type\":\"PropertyValueSpecification\",\"valueRequired\":true,\"valueName\":\"search_term_string\"}}],\"inLanguage\":\"es\"},{\"@type\":\"Organization\",\"@id\":\"https:\/\/www.cottet.com\/blog\/#organization\",\"name\":\"Cottet Blog\",\"url\":\"https:\/\/www.cottet.com\/blog\/\",\"logo\":{\"@type\":\"ImageObject\",\"inLanguage\":\"es\",\"@id\":\"https:\/\/www.cottet.com\/blog\/#\/schema\/logo\/image\/\",\"url\":\"https:\/\/www.cottet.com\/blog\/wp-content\/uploads\/2025\/03\/logo-1673367279.png\",\"contentUrl\":\"https:\/\/www.cottet.com\/blog\/wp-content\/uploads\/2025\/03\/logo-1673367279.png\",\"width\":200,\"height\":40,\"caption\":\"Cottet Blog\"},\"image\":{\"@id\":\"https:\/\/www.cottet.com\/blog\/#\/schema\/logo\/image\/\"},\"sameAs\":[\"https:\/\/www.facebook.com\/Cottet1902\/\",\"https:\/\/x.com\/cottet1902\",\"https:\/\/www.instagram.com\/cottet_oficial\/\",\"https:\/\/www.tiktok.com\/@cottet_oficial\",\"https:\/\/www.youtube.com\/user\/CottetOptica\"]},{\"@type\":\"Person\",\"@id\":\"https:\/\/www.cottet.com\/blog\/#\/schema\/person\/1f6d32959d38031faf5b70f8b45faccd\",\"name\":\"Cottet\",\"image\":{\"@type\":\"ImageObject\",\"inLanguage\":\"es\",\"@id\":\"https:\/\/www.cottet.com\/blog\/#\/schema\/person\/image\/\",\"url\":\"https:\/\/secure.gravatar.com\/avatar\/6fc9db6880b98e4db810d9e79a975cc731a427bdefd1e98caedd7c29a0027241?s=96&d=mm&r=g\",\"contentUrl\":\"https:\/\/secure.gravatar.com\/avatar\/6fc9db6880b98e4db810d9e79a975cc731a427bdefd1e98caedd7c29a0027241?s=96&d=mm&r=g\",\"caption\":\"Cottet\"},\"sameAs\":[\"https:\/\/cottet.com\/blog\"],\"url\":\"https:\/\/www.cottet.com\/blog\/author\/cottet\/\"}]}<\/script>\n<!-- \/ Yoast SEO plugin. -->","yoast_head_json":{"title":"\u00bfLa Seguridad Social cubre gafas y lentillas? Lo que debes saber - Cottet Blog","description":"Descubre si la Seguridad Social cubre gafas y lentillas, qu\u00e9 requisitos existen y c\u00f3mo acceder a ayudas para lentes correctoras.","robots":{"index":"index","follow":"follow","max-snippet":"max-snippet:-1","max-image-preview":"max-image-preview:large","max-video-preview":"max-video-preview:-1"},"canonical":"https:\/\/www.cottet.com\/blog\/lentillas-gafas-seguridad-social\/","og_locale":"es_ES","og_type":"article","og_title":"\u00bfLa Seguridad Social cubre gafas y lentillas? Lo que debes saber - Cottet Blog","og_description":"Descubre si la Seguridad Social cubre gafas y lentillas, qu\u00e9 requisitos existen y c\u00f3mo acceder a ayudas para lentes correctoras.","og_url":"https:\/\/www.cottet.com\/blog\/lentillas-gafas-seguridad-social\/","og_site_name":"Cottet Blog","article_publisher":"https:\/\/www.facebook.com\/Cottet1902\/","article_published_time":"2025-03-17T11:00:00+00:00","article_modified_time":"2025-12-10T08:01:47+00:00","og_image":[{"width":413,"height":251,"url":"https:\/\/www.cottet.com\/blog\/wp-content\/uploads\/2025\/03\/125-thumb.png","type":"image\/png"}],"author":"Cottet","twitter_card":"summary_large_image","twitter_creator":"@cottet1902","twitter_site":"@cottet1902","twitter_misc":{"Escrito por":"Cottet","Tiempo de lectura":"7 minutos"},"schema":{"@context":"https:\/\/schema.org","@graph":[{"@type":"Article","@id":"https:\/\/www.cottet.com\/blog\/lentillas-gafas-seguridad-social\/#article","isPartOf":{"@id":"https:\/\/www.cottet.com\/blog\/lentillas-gafas-seguridad-social\/"},"author":{"name":"Cottet","@id":"https:\/\/www.cottet.com\/blog\/#\/schema\/person\/1f6d32959d38031faf5b70f8b45faccd"},"headline":"\u00bfLa Seguridad Social cubre gafas y lentillas? Lo que debes saber","datePublished":"2025-03-17T11:00:00+00:00","dateModified":"2025-12-10T08:01:47+00:00","mainEntityOfPage":{"@id":"https:\/\/www.cottet.com\/blog\/lentillas-gafas-seguridad-social\/"},"wordCount":1243,"publisher":{"@id":"https:\/\/www.cottet.com\/blog\/#organization"},"image":{"@id":"https:\/\/www.cottet.com\/blog\/lentillas-gafas-seguridad-social\/#primaryimage"},"thumbnailUrl":"https:\/\/www.cottet.com\/blog\/wp-content\/uploads\/2025\/03\/125-thumb.png","articleSection":["News"],"inLanguage":"es"},{"@type":"WebPage","@id":"https:\/\/www.cottet.com\/blog\/lentillas-gafas-seguridad-social\/","url":"https:\/\/www.cottet.com\/blog\/lentillas-gafas-seguridad-social\/","name":"\u00bfLa Seguridad Social cubre gafas y lentillas? Lo que debes saber - Cottet Blog","isPartOf":{"@id":"https:\/\/www.cottet.com\/blog\/#website"},"primaryImageOfPage":{"@id":"https:\/\/www.cottet.com\/blog\/lentillas-gafas-seguridad-social\/#primaryimage"},"image":{"@id":"https:\/\/www.cottet.com\/blog\/lentillas-gafas-seguridad-social\/#primaryimage"},"thumbnailUrl":"https:\/\/www.cottet.com\/blog\/wp-content\/uploads\/2025\/03\/125-thumb.png","datePublished":"2025-03-17T11:00:00+00:00","dateModified":"2025-12-10T08:01:47+00:00","description":"Descubre si la Seguridad Social cubre gafas y lentillas, qu\u00e9 requisitos existen y c\u00f3mo acceder a ayudas para lentes correctoras.","breadcrumb":{"@id":"https:\/\/www.cottet.com\/blog\/lentillas-gafas-seguridad-social\/#breadcrumb"},"inLanguage":"es","potentialAction":[{"@type":"ReadAction","target":["https:\/\/www.cottet.com\/blog\/lentillas-gafas-seguridad-social\/"]}]},{"@type":"ImageObject","inLanguage":"es","@id":"https:\/\/www.cottet.com\/blog\/lentillas-gafas-seguridad-social\/#primaryimage","url":"https:\/\/www.cottet.com\/blog\/wp-content\/uploads\/2025\/03\/125-thumb.png","contentUrl":"https:\/\/www.cottet.com\/blog\/wp-content\/uploads\/2025\/03\/125-thumb.png","width":413,"height":251},{"@type":"BreadcrumbList","@id":"https:\/\/www.cottet.com\/blog\/lentillas-gafas-seguridad-social\/#breadcrumb","itemListElement":[{"@type":"ListItem","position":1,"name":"Portada","item":"https:\/\/www.cottet.com\/blog\/"},{"@type":"ListItem","position":2,"name":"\u00bfLa Seguridad Social cubre gafas y lentillas? Lo que debes saber"}]},{"@type":"WebSite","@id":"https:\/\/www.cottet.com\/blog\/#website","url":"https:\/\/www.cottet.com\/blog\/","name":"Cottet Blog","description":"","publisher":{"@id":"https:\/\/www.cottet.com\/blog\/#organization"},"potentialAction":[{"@type":"SearchAction","target":{"@type":"EntryPoint","urlTemplate":"https:\/\/www.cottet.com\/blog\/?s={search_term_string}"},"query-input":{"@type":"PropertyValueSpecification","valueRequired":true,"valueName":"search_term_string"}}],"inLanguage":"es"},{"@type":"Organization","@id":"https:\/\/www.cottet.com\/blog\/#organization","name":"Cottet Blog","url":"https:\/\/www.cottet.com\/blog\/","logo":{"@type":"ImageObject","inLanguage":"es","@id":"https:\/\/www.cottet.com\/blog\/#\/schema\/logo\/image\/","url":"https:\/\/www.cottet.com\/blog\/wp-content\/uploads\/2025\/03\/logo-1673367279.png","contentUrl":"https:\/\/www.cottet.com\/blog\/wp-content\/uploads\/2025\/03\/logo-1673367279.png","width":200,"height":40,"caption":"Cottet Blog"},"image":{"@id":"https:\/\/www.cottet.com\/blog\/#\/schema\/logo\/image\/"},"sameAs":["https:\/\/www.facebook.com\/Cottet1902\/","https:\/\/x.com\/cottet1902","https:\/\/www.instagram.com\/cottet_oficial\/","https:\/\/www.tiktok.com\/@cottet_oficial","https:\/\/www.youtube.com\/user\/CottetOptica"]},{"@type":"Person","@id":"https:\/\/www.cottet.com\/blog\/#\/schema\/person\/1f6d32959d38031faf5b70f8b45faccd","name":"Cottet","image":{"@type":"ImageObject","inLanguage":"es","@id":"https:\/\/www.cottet.com\/blog\/#\/schema\/person\/image\/","url":"https:\/\/secure.gravatar.com\/avatar\/6fc9db6880b98e4db810d9e79a975cc731a427bdefd1e98caedd7c29a0027241?s=96&d=mm&r=g","contentUrl":"https:\/\/secure.gravatar.com\/avatar\/6fc9db6880b98e4db810d9e79a975cc731a427bdefd1e98caedd7c29a0027241?s=96&d=mm&r=g","caption":"Cottet"},"sameAs":["https:\/\/cottet.com\/blog"],"url":"https:\/\/www.cottet.com\/blog\/author\/cottet\/"}]}},"_links":{"self":[{"href":"https:\/\/www.cottet.com\/blog\/wp-json\/wp\/v2\/posts\/623","targetHints":{"allow":["GET"]}}],"collection":[{"href":"https:\/\/www.cottet.com\/blog\/wp-json\/wp\/v2\/posts"}],"about":[{"href":"https:\/\/www.cottet.com\/blog\/wp-json\/wp\/v2\/types\/post"}],"author":[{"embeddable":true,"href":"https:\/\/www.cottet.com\/blog\/wp-json\/wp\/v2\/users\/1"}],"replies":[{"embeddable":true,"href":"https:\/\/www.cottet.com\/blog\/wp-json\/wp\/v2\/comments?post=623"}],"version-history":[{"count":12,"href":"https:\/\/www.cottet.com\/blog\/wp-json\/wp\/v2\/posts\/623\/revisions"}],"predecessor-version":[{"id":2306,"href":"https:\/\/www.cottet.com\/blog\/wp-json\/wp\/v2\/posts\/623\/revisions\/2306"}],"wp:featuredmedia":[{"embeddable":true,"href":"https:\/\/www.cottet.com\/blog\/wp-json\/wp\/v2\/media\/624"}],"wp:attachment":[{"href":"https:\/\/www.cottet.com\/blog\/wp-json\/wp\/v2\/media?parent=623"}],"wp:term":[{"taxonomy":"category","embeddable":true,"href":"https:\/\/www.cottet.com\/blog\/wp-json\/wp\/v2\/categories?post=623"},{"taxonomy":"post_tag","embeddable":true,"href":"https:\/\/www.cottet.com\/blog\/wp-json\/wp\/v2\/tags?post=623"}],"curies":[{"name":"wp","href":"https:\/\/api.w.org\/{rel}","templated":true}]}}