{"id":588,"date":"2025-01-24T11:45:00","date_gmt":"2025-01-24T10:45:00","guid":{"rendered":"https:\/\/cottet.com\/blog\/?p=588"},"modified":"2025-03-28T11:48:32","modified_gmt":"2025-03-28T10:48:32","slug":"conoce-los-tipos-de-discapacidad-auditiva-y-como-abordarlos","status":"publish","type":"post","link":"https:\/\/www.cottet.com\/blog\/conoce-los-tipos-de-discapacidad-auditiva-y-como-abordarlos\/","title":{"rendered":"Conoce los tipos de discapacidad auditiva y c\u00f3mo abordarlos"},"content":{"rendered":"<p>[et_pb_section fb_built=\u00bb1&#8243; theme_builder_area=\u00bbpost_content\u00bb _builder_version=\u00bb4.27.2&#8243; _module_preset=\u00bbdefault\u00bb][et_pb_row _builder_version=\u00bb4.27.2&#8243; _module_preset=\u00bbdefault\u00bb theme_builder_area=\u00bbpost_content\u00bb][et_pb_column _builder_version=\u00bb4.27.2&#8243; _module_preset=\u00bbdefault\u00bb type=\u00bb4_4&#8243; theme_builder_area=\u00bbpost_content\u00bb][et_pb_text _builder_version=\u00bb4.27.2&#8243; _module_preset=\u00bbdefault\u00bb theme_builder_area=\u00bbpost_content\u00bb hover_enabled=\u00bb0&#8243; sticky_enabled=\u00bb0&#8243;]<\/p>\n<h1>Conoce los tipos de discapacidad auditiva y c\u00f3mo abordarlos<\/h1>\n<p>[\/et_pb_text][et_pb_text _builder_version=\u00bb4.27.2&#8243; _module_preset=\u00bbdefault\u00bb theme_builder_area=\u00bbpost_content\u00bb hover_enabled=\u00bb0&#8243; sticky_enabled=\u00bb0&#8243;]<\/p>\n<p style=\"font-weight: 400;\"><span style=\"font-weight: 400;\"> Los problemas auditivos son muy comunes,cada vez m\u00e1s, entre la poblaci\u00f3n, y cada vez en rangos de edad m\u00e1s j\u00f3venes. Dentro de la p\u00e9rdida de audici\u00f3n existen grados y dependiendo de ello pueden hasta dificultar la comunicaci\u00f3n verbal, el aprendizaje y las relaciones humanas.<\/span><\/p>\n<p style=\"font-weight: 400;\">\n<p style=\"font-weight: 400;\"><span style=\"font-weight: 400;\">Reconocer los diferentes tipos de discapacidad auditiva ayuda a identificar las necesidades espec\u00edficas de las personas que lo sufren para\u00a0 buscar los tratamientos adecuados para cada caso.<\/span><\/p>\n<p>[\/et_pb_text][\/et_pb_column][\/et_pb_row][et_pb_row _builder_version=\u00bb4.27.2&#8243; _module_preset=\u00bbdefault\u00bb theme_builder_area=\u00bbpost_content\u00bb column_structure=\u00bb1_2,1_2&#8243;][et_pb_column _builder_version=\u00bb4.27.2&#8243; _module_preset=\u00bbdefault\u00bb type=\u00bb1_2&#8243; theme_builder_area=\u00bbpost_content\u00bb][et_pb_image src=\u00bbhttps:\/\/cottet.com\/blog\/wp-content\/uploads\/2025\/03\/118-thumb.png\u00bb _builder_version=\u00bb4.27.2&#8243; _module_preset=\u00bbdefault\u00bb theme_builder_area=\u00bbpost_content\u00bb title_text=\u00bb118-thumb\u00bb hover_enabled=\u00bb0&#8243; sticky_enabled=\u00bb0&#8243;][\/et_pb_image][\/et_pb_column][et_pb_column _builder_version=\u00bb4.27.2&#8243; _module_preset=\u00bbdefault\u00bb type=\u00bb1_2&#8243; theme_builder_area=\u00bbpost_content\u00bb][et_pb_text _builder_version=\u00bb4.27.2&#8243; _module_preset=\u00bbdefault\u00bb theme_builder_area=\u00bbpost_content\u00bb hover_enabled=\u00bb0&#8243; sticky_enabled=\u00bb0&#8243;]<\/p>\n<div class=\"elementor-widget elementor-element elementor-element-rztyqwb elementor-widget-heading\" data-element_type=\"heading\">\n<div class=\"elementor-widget-container\">\n<h3 class=\"elementor-heading-title elementor-size-default none\"><span>Clasificaci\u00f3n de los tipos de discapacidad auditiva seg\u00fan su grado<\/span><\/h3>\n<\/div>\n<\/div>\n<div class=\"elementor-widget elementor-element elementor-element-e1hmnbh elementor-widget-text-editor\" data-element_type=\"text-editor\">\n<div class=\"elementor-widget-container\">\n<div class=\"elementor-text-editor rte-content\">\n<p dir=\"ltr\"><span>Los tipos de discapacidad auditiva se clasifican seg\u00fan el nivel de p\u00e9rdida auditiva, que se mide en decibelios (dB). Esta clasificaci\u00f3n permite evaluar el impacto en la capacidad de escuchar y determina el tipo de ayuda necesaria.<\/span><\/p>\n<h3 dir=\"ltr\"><span>C\u00f3mo se mide la p\u00e9rdida auditiva<\/span><\/h3>\n<p dir=\"ltr\"><span>Los tipos de discapacidad auditiva se diagnostican con pruebas audiom\u00e9tricas, que determinan los sonidos m\u00e1s suaves que una persona puede escuchar en diferentes frecuencias. Seg\u00fan los resultados, se establece el grado de discapacidad.<\/span><\/p>\n<h3 dir=\"ltr\"><span>Diferencia entre hipoacusia y sordera<\/span><\/h3>\n<ul>\n<li dir=\"ltr\" aria-level=\"1\">\n<p dir=\"ltr\" role=\"presentation\"><span>Hipoacusia:<\/span><span> P\u00e9rdida parcial de la audici\u00f3n. Las personas con esta condici\u00f3n pueden escuchar algunos sonidos, pero con dificultad.<\/span><\/p>\n<\/li>\n<li dir=\"ltr\" aria-level=\"1\">\n<p dir=\"ltr\" role=\"presentation\"><span>Sordera:<\/span><span> P\u00e9rdida total o casi total de la capacidad auditiva.<\/span><\/p>\n<\/li>\n<\/ul>\n<\/div>\n<\/div>\n<\/div>\n<p>[\/et_pb_text][\/et_pb_column][\/et_pb_row][et_pb_row _builder_version=\u00bb4.27.2&#8243; _module_preset=\u00bbdefault\u00bb theme_builder_area=\u00bbpost_content\u00bb][et_pb_column _builder_version=\u00bb4.27.2&#8243; _module_preset=\u00bbdefault\u00bb type=\u00bb4_4&#8243; theme_builder_area=\u00bbpost_content\u00bb][et_pb_button button_text=\u00bbPide cita previa ahora\u00bb _builder_version=\u00bb4.27.2&#8243; _module_preset=\u00bbdefault\u00bb theme_builder_area=\u00bbpost_content\u00bb button_url=\u00bbhttps:\/\/www.cottet.com\/es\/lentillas\/\u00bb button_alignment=\u00bbcenter\u00bb hover_enabled=\u00bb0&#8243; sticky_enabled=\u00bb0&#8243;][\/et_pb_button][et_pb_text _builder_version=\u00bb4.27.2&#8243; _module_preset=\u00bbdefault\u00bb theme_builder_area=\u00bbpost_content\u00bb hover_enabled=\u00bb0&#8243; sticky_enabled=\u00bb0&#8243;]<\/p>\n<div class=\"elementor-widget elementor-element elementor-element-22yhlzp elementor-widget-heading\" data-element_type=\"heading\">\n<div class=\"elementor-widget-container\">\n<h2 class=\"elementor-heading-title elementor-size-default none\"><span>Discapacidad auditiva leve<\/span><\/h2>\n<\/div>\n<\/div>\n<div class=\"elementor-widget elementor-element elementor-element-7mbljl9 elementor-widget-text-editor\" data-element_type=\"text-editor\">\n<div class=\"elementor-widget-container\">\n<div class=\"elementor-text-editor rte-content\">\n<p dir=\"ltr\"><span>Este es uno de los tipos de discapacidad auditiva menos severas y se caracteriza por una p\u00e9rdida de entre 20 y 40 dB. Aunque puede parecer una afectaci\u00f3n menor, tambi\u00e9n puede causar mucho impacto en la vida diaria de quienes la padecen.<\/span><\/p>\n<h3 dir=\"ltr\"><span>Caracter\u00edsticas principales<\/span><\/h3>\n<ul>\n<li dir=\"ltr\" aria-level=\"1\">\n<p dir=\"ltr\" role=\"presentation\"><span>Dificultad para entender conversaciones en ambientes ruidosos.<\/span><\/p>\n<\/li>\n<li dir=\"ltr\" aria-level=\"1\">\n<p dir=\"ltr\" role=\"presentation\"><span>Problemas para captar sonidos suaves, como susurros o voces a distancia.<\/span><\/p>\n<\/li>\n<\/ul>\n<h3 dir=\"ltr\"><span>Tratamientos y soluciones<\/span><\/h3>\n<ul>\n<li dir=\"ltr\" aria-level=\"1\">\n<p dir=\"ltr\" role=\"presentation\"><span>Uso de <\/span><a href=\"https:\/\/www.cottet.com\/es\/audiologia.html\"><span>aud\u00edfonos<\/span><\/a><span> ajustados al nivel de p\u00e9rdida auditiva.<\/span><\/p>\n<\/li>\n<li dir=\"ltr\" aria-level=\"1\">\n<p dir=\"ltr\" role=\"presentation\"><span>T\u00e9cnicas de comunicaci\u00f3n, como mantener contacto visual durante una conversaci\u00f3n.<\/span><\/p>\n<\/li>\n<\/ul>\n<h2 dir=\"ltr\"><span>Discapacidad auditiva moderada<\/span><\/h2>\n<p dir=\"ltr\"><span>Entre los tipos de discapacidad auditiva, la moderada se sit\u00faa entre 40 y 70 dB. Las personas con esta p\u00e9rdida de audici\u00f3n, suelen tener problemas para seguir conversaciones sin apoyo t\u00e9cnico.<\/span><\/p>\n<h3 dir=\"ltr\"><span>C\u00f3mo afecta la vida diaria<\/span><\/h3>\n<ul>\n<li dir=\"ltr\" aria-level=\"1\">\n<p dir=\"ltr\" role=\"presentation\"><span>Dificultad para conversaciones entender incluso en ambientes tranquilos.<\/span><\/p>\n<\/li>\n<li dir=\"ltr\" aria-level=\"1\">\n<p dir=\"ltr\" role=\"presentation\"><span>Necesidad de aumentar el volumen de dispositivos, como televisores o tel\u00e9fonos.<\/span><\/p>\n<\/li>\n<\/ul>\n<h3 dir=\"ltr\"><span>Soluciones recomendadas<\/span><\/h3>\n<ul>\n<li dir=\"ltr\" aria-level=\"1\">\n<p dir=\"ltr\" role=\"presentation\"><span>Uso de aud\u00edfonos m\u00e1s potentes.<\/span><\/p>\n<\/li>\n<li dir=\"ltr\" aria-level=\"1\">\n<p dir=\"ltr\" role=\"presentation\"><span>Apoyo con dispositivos de amplificaci\u00f3n o sistemas de bucle magn\u00e9tico en lugares p\u00fablicos.<\/span><\/p>\n<\/li>\n<\/ul>\n<h2 dir=\"ltr\"><span>Discapacidad auditiva severa<\/span><\/h2>\n<p dir=\"ltr\"><span>Dentro de los tipos de discapacidad auditiva, esta es una de las m\u00e1s graves e implica una p\u00e9rdida de entre 70 y 90 dB. Sin dispositivos de ayuda, las personas con esta condici\u00f3n no pueden entender conversaciones normales.<\/span><\/p>\n<h3 dir=\"ltr\"><span>Caracter\u00edsticas y s\u00edntomas comunes<\/span><\/h3>\n<ul>\n<li dir=\"ltr\" aria-level=\"1\">\n<p dir=\"ltr\" role=\"presentation\"><span>Incapacidad para percibir sonidos cotidianos, como timbres o alarmas.<\/span><\/p>\n<\/li>\n<li dir=\"ltr\" aria-level=\"1\">\n<p dir=\"ltr\" role=\"presentation\"><span>Dependencia de la lectura labial o de la lengua de signos para comunicarse.<\/span><\/p>\n<\/li>\n<\/ul>\n<h3 dir=\"ltr\"><span>Opciones de tratamiento<\/span><\/h3>\n<ul>\n<li dir=\"ltr\" aria-level=\"1\">\n<p dir=\"ltr\" role=\"presentation\"><span>Implantes cocleares para quienes no encuentran suficiente ayuda con aud\u00edfonos.<\/span><\/p>\n<\/li>\n<li dir=\"ltr\" aria-level=\"1\">\n<p dir=\"ltr\" role=\"presentation\"><span>Terapias de rehabilitaci\u00f3n auditiva para mejorar la comprensi\u00f3n del habla.<\/span><\/p>\n<\/li>\n<\/ul>\n<h2 dir=\"ltr\"><span>Discapacidad auditiva profunda<\/span><\/h2>\n<p dir=\"ltr\"><span>La discapacidad auditiva profunda se define por una p\u00e9rdida superior a 90 dB. Las personas con estos tipos de discapacidad auditiva m\u00e1s severas, suelen ser completamente dependientes de medios alternativos para comunicarse.<\/span><\/p>\n<h3 dir=\"ltr\"><span>Desaf\u00edos principales<\/span><\/h3>\n<ul>\n<li dir=\"ltr\" aria-level=\"1\">\n<p dir=\"ltr\" role=\"presentation\"><span>Dificultad para escuchar incluso sonidos fuertes, como motores o sirenas.<\/span><\/p>\n<\/li>\n<li dir=\"ltr\" aria-level=\"1\">\n<p dir=\"ltr\" role=\"presentation\"><span>Necesidad de usar recursos como int\u00e9rpretes de lengua de signos o dispositivos de texto.<\/span><\/p>\n<\/li>\n<\/ul>\n<h3 dir=\"ltr\"><span>Recursos para mejorar la calidad de vida<\/span><\/h3>\n<ul>\n<li dir=\"ltr\" aria-level=\"1\">\n<p dir=\"ltr\" role=\"presentation\"><span>Lengua de signos como medio principal de comunicaci\u00f3n.<\/span><\/p>\n<\/li>\n<li dir=\"ltr\" aria-level=\"1\">\n<p dir=\"ltr\" role=\"presentation\"><span>Dispositivos tecnol\u00f3gicos avanzados, como sistemas de alerta visual.<\/span><\/p>\n<\/li>\n<\/ul>\n<h2 dir=\"ltr\"><span>Diagn\u00f3stico y evaluaci\u00f3n de la discapacidad auditiva<\/span><\/h2>\n<p dir=\"ltr\"><span>El diagn\u00f3stico temprano de los diferentes tipos de discapacidad auditiva es muy importante para poder identificar cu\u00e1les son los tratamientos m\u00e1s efectivos para cada paciente. Este proceso debe ser realizado por profesionales cualificados.<\/span><\/p>\n<h3 dir=\"ltr\"><span>Pruebas audiom\u00e9tricas<\/span><\/h3>\n<p dir=\"ltr\"><span>La audiometr\u00eda es la herramienta principal para medir la capacidad auditiva y determinar qu\u00e9 tipos de discapacidad auditiva sufren las personas con problemas de audici\u00f3n.\u00a0<\/span><\/p>\n<p dir=\"ltr\"><span>Consiste en exponer a la persona a diferentes sonidos para determinar qu\u00e9 frecuencias y vol\u00famenes puede percibir.<\/span><\/p>\n<h3 dir=\"ltr\"><span>Otros m\u00e9todos de evaluaci\u00f3n<\/span><\/h3>\n<ul>\n<li dir=\"ltr\" aria-level=\"1\">\n<p dir=\"ltr\" role=\"presentation\"><span>Timpanometr\u00eda: <\/span><span>eval\u00faa el funcionamiento del t\u00edmpano y la cadena de huesecillos del o\u00eddo medio.<\/span><\/p>\n<\/li>\n<li dir=\"ltr\" aria-level=\"1\">\n<p dir=\"ltr\" role=\"presentation\"><span>Pruebas de emisiones otoac\u00fasticas: <\/span><span>detectan problemas en el o\u00eddo interno.<\/span><\/p>\n<\/li>\n<li dir=\"ltr\" aria-level=\"1\">\n<p dir=\"ltr\" role=\"presentation\"><span>Potenciales evocados auditivos: <\/span><span>miden la respuesta del cerebro a los est\u00edmulos sonoros.<\/span><\/p>\n<\/li>\n<\/ul>\n<h3 dir=\"ltr\"><span>Importancia de la detecci\u00f3n temprana<\/span><\/h3>\n<p dir=\"ltr\"><span>La identificaci\u00f3n precoz de la p\u00e9rdida auditiva en beb\u00e9s y ni\u00f1os es crucial para su desarrollo ling\u00fc\u00edstico y cognitivo.\u00a0<\/span><\/p>\n<h2 dir=\"ltr\"><span>Tratamientos y soluciones seg\u00fan los tipos de discapacidad auditiva<\/span><\/h2>\n<p dir=\"ltr\"><span>Dependiendo del grado o tipo de discapacidad auditiva que se tenga, existen diferentes tratamientos y recursos que pueden mejorar significativamente la capacidad de comunicaci\u00f3n y tambi\u00e9n la calidad de vida.<\/span><\/p>\n<h3 dir=\"ltr\"><span>Uso de aud\u00edfonos<\/span><\/h3>\n<p dir=\"ltr\"><span>Los <\/span><a href=\"https:\/\/www.cottet.com\/es\/audiologia.html\"><span>aud\u00edfonos<\/span><\/a><span> son la soluci\u00f3n m\u00e1s com\u00fan para un tipo de discapacidad como puede ser la hipoacusia leve, moderada o incluso severa. Se ajustan a las necesidades espec\u00edficas del usuario y amplifican los sonidos de manera eficaz.<\/span><\/p>\n<p dir=\"ltr\"><span>Para las personas con discapacidad auditiva, cuente con aud\u00edfonos adecuados significa disfrutar de una vida m\u00e1s plena y conectada con su entorno.<\/span><\/p>\n<h3 dir=\"ltr\"><span>Implantes cocleares<\/span><\/h3>\n<p dir=\"ltr\"><span>Para casos de discapacidad auditiva severa o profunda, los implantes cocleares pueden ser una muy buena opci\u00f3n. Los implantes cocleares estimulan directamente el nervio auditivo, proporcionando una percepci\u00f3n del sonido m\u00e1s clara.<\/span><\/p>\n<h3 dir=\"ltr\"><span>Terapias de rehabilitaci\u00f3n auditiva<\/span><\/h3>\n<p dir=\"ltr\"><span>La rehabilitaci\u00f3n para distintos tipos de discapacidad auditiva incluye ejercicios y t\u00e9cnicas para entrenar al cerebro a interpretar los sonidos amplificados o reconstruidos por dispositivos. Es especialmente \u00fatil tras la colocaci\u00f3n de un implante coclear.<\/span><\/p>\n<h3 dir=\"ltr\"><span>Estrategias de comunicaci\u00f3n<\/span><\/h3>\n<ul>\n<li dir=\"ltr\" aria-level=\"1\">\n<p dir=\"ltr\" role=\"presentation\"><span>Uso de la lengua de signos como medio principal o complementario.<\/span><\/p>\n<\/li>\n<li dir=\"ltr\" aria-level=\"1\">\n<p dir=\"ltr\" role=\"presentation\"><span>Sistemas de transcripci\u00f3n de voz en texto en tiempo real.<\/span><\/p>\n<\/li>\n<\/ul>\n<p dir=\"ltr\"><span>Con estas herramientas y tratamientos, las personas con cualquier tipo de <\/span><span>discapacidad auditiva <\/span><span>pueden alcanzar una mejor calidad de vida y superar las barreras comunicativas. <\/span><a href=\"https:\/\/www.cottet.com\/es\/cita-online\"><span>Pide cita con tu profesional en audiolog\u00eda<\/span><\/a><span> si has identificado problemas en tu audici\u00f3n.\u00a0<\/span><\/p>\n<\/div>\n<\/div>\n<\/div>\n<p>[\/et_pb_text][\/et_pb_column][\/et_pb_row][et_pb_row _builder_version=\u00bb4.27.2&#8243; _module_preset=\u00bbdefault\u00bb theme_builder_area=\u00bbpost_content\u00bb column_structure=\u00bb1_4,1_4,1_4,1_4&#8243;][et_pb_column _builder_version=\u00bb4.27.2&#8243; _module_preset=\u00bbdefault\u00bb type=\u00bb1_4&#8243; theme_builder_area=\u00bbpost_content\u00bb][et_pb_text _builder_version=\u00bb4.27.2&#8243; _module_preset=\u00bbdefault\u00bb theme_builder_area=\u00bbpost_content\u00bb hover_enabled=\u00bb0&#8243; sticky_enabled=\u00bb0&#8243;]<\/p>\n<div class=\"thumbnail-container reviews-loading\">\n<p><a href=\"https:\/\/www.cottet.com\/es\/audiologia\/pila-audifono-675-ae-6-unidades.html\" class=\"thumbnail product-thumbnail\"><img loading=\"lazy\" decoding=\"async\" src=\"https:\/\/www.cottet.com\/64754-home_default\/pila-audifono-675-ae-6-unidades.jpg\" alt=\"Pila aud\u00edfono 675-AE (6...\" data-full-size-image-url=\"https:\/\/www.cottet.com\/64754-thickbox_default\/pila-audifono-675-ae-6-unidades.jpg\" width=\"305\" height=\"305\" class=\"img-fluid   product-thumbnail-first  \" \/><\/a><\/p>\n<div class=\"product-functional-buttons product-functional-buttons-bottom\">\n<div class=\"product-functional-buttons-links\">\n<div class=\"product-add-cart js-product-add-cart-9097-0\">\n<form action=\"https:\/\/www.cottet.com\/es\/carrito?add=1&amp;id_product=9097&amp;id_product_attribute=0\" method=\"post\">\n<div class=\"input-group-add-cart\">\n<p><button class=\"btn btn-product-list add-to-cart\" data-button-action=\"add-to-cart\" type=\"submit\"><ion-icon name=\"bag-outline\" role=\"img\" class=\"md hydrated\" aria-label=\"bag outline\"><\/p>\n<div class=\"icon-inner\"><svg xmlns=\"http:\/\/www.w3.org\/2000\/svg\" class=\"ionicon s-ion-icon\" viewbox=\"0 0 512 512\"><path stroke-linecap=\"round\" stroke-linejoin=\"round\" d=\"M80 176a16 16 0 00-16 16v216c0 30.24 25.76 56 56 56h272c30.24 0 56-24.51 56-54.75V192a16 16 0 00-16-16zM160 176v-32a96 96 0 0196-96h0a96 96 0 0196 96v32\" class=\"ionicon-fill-none ionicon-stroke-width\"><\/path><\/svg><\/div>\n<p><\/ion-icon><span>\u00a0<\/span>A\u00f1adir a la cesta<\/button><\/div>\n<\/form>\n<\/div>\n<\/div>\n<\/div>\n<div class=\"product-availability d-block\"><\/div>\n<\/div>\n<div class=\"product-description\">\n<div class=\"row extra-small-gutters justify-content-end\">\n<div class=\"col-12\">\n<div class=\"row-flags\"><\/div>\n<\/div>\n<div class=\"col-12\">\n<div class=\"product-brand\"><a href=\"https:\/\/www.cottet.com\/es\/audiologia\/pila-audifono-675-ae-6-unidades.html\">Cottet Audiolog\u00eda<\/a><\/div>\n<div class=\"h3 product-title\"><a href=\"https:\/\/www.cottet.com\/es\/audiologia\/pila-audifono-675-ae-6-unidades.html\">Pila aud\u00edfono 675-AE (6 unidades)<\/a><\/div>\n<\/div>\n<div class=\"col-12 product-miniature-left\">\n<div class=\"product-price-and-shipping\"><span class=\"product-price\" content=\"4.9\" aria-label=\"Precio\">4,90\u00a0\u20ac<\/span><\/div>\n<\/div>\n<\/div>\n<\/div>\n<p>[\/et_pb_text][\/et_pb_column][et_pb_column _builder_version=\u00bb4.27.2&#8243; _module_preset=\u00bbdefault\u00bb type=\u00bb1_4&#8243; theme_builder_area=\u00bbpost_content\u00bb][et_pb_text _builder_version=\u00bb4.27.2&#8243; _module_preset=\u00bbdefault\u00bb theme_builder_area=\u00bbpost_content\u00bb hover_enabled=\u00bb0&#8243; sticky_enabled=\u00bb0&#8243;]<\/p>\n<div class=\"thumbnail-container reviews-loading\">\n<p><a href=\"https:\/\/www.cottet.com\/es\/audiologia\/filtro-audifonos-prowax-minifit.html\" class=\"thumbnail product-thumbnail\"><img loading=\"lazy\" decoding=\"async\" src=\"https:\/\/www.cottet.com\/49842-home_default\/filtro-audifonos-prowax-minifit.jpg\" data-src=\"https:\/\/www.cottet.com\/49842-home_default\/filtro-audifonos-prowax-minifit.jpg\" width=\"305\" height=\"305\" alt=\"Filtro Aud\u00edfonos PROWAX MINIFIT 2\" class=\"img-fluid js-lazy-product-image lazy-product-image product-thumbnail-second entered loaded\" data-ll-status=\"loaded\" \/><\/a><\/p>\n<div class=\"product-functional-buttons product-functional-buttons-bottom\">\n<div class=\"product-functional-buttons-links\">\n<div class=\"product-add-cart js-product-add-cart-8855-0\">\n<form action=\"https:\/\/www.cottet.com\/es\/carrito?add=1&amp;id_product=8855&amp;id_product_attribute=0\" method=\"post\">\n<div class=\"input-group-add-cart\">\n<p><button class=\"btn btn-product-list add-to-cart\" data-button-action=\"add-to-cart\" type=\"submit\"><ion-icon name=\"bag-outline\" role=\"img\" class=\"md hydrated\" aria-label=\"bag outline\"><\/p>\n<div class=\"icon-inner\"><svg xmlns=\"http:\/\/www.w3.org\/2000\/svg\" class=\"ionicon s-ion-icon\" viewbox=\"0 0 512 512\"><path stroke-linecap=\"round\" stroke-linejoin=\"round\" d=\"M80 176a16 16 0 00-16 16v216c0 30.24 25.76 56 56 56h272c30.24 0 56-24.51 56-54.75V192a16 16 0 00-16-16zM160 176v-32a96 96 0 0196-96h0a96 96 0 0196 96v32\" class=\"ionicon-fill-none ionicon-stroke-width\"><\/path><\/svg><\/div>\n<p><\/ion-icon><span>\u00a0<\/span>A\u00f1adir a la cesta<\/button><\/div>\n<\/form>\n<\/div>\n<\/div>\n<\/div>\n<div class=\"product-availability d-block\"><\/div>\n<\/div>\n<div class=\"product-description\">\n<div class=\"row extra-small-gutters justify-content-end\">\n<div class=\"col-12\">\n<div class=\"row-flags\"><\/div>\n<\/div>\n<div class=\"col-12\">\n<div class=\"product-brand\"><a href=\"https:\/\/www.cottet.com\/es\/audiologia\/filtro-audifonos-prowax-minifit.html\">Cottet Audiolog\u00eda<\/a><\/div>\n<div class=\"h3 product-title\"><a href=\"https:\/\/www.cottet.com\/es\/audiologia\/filtro-audifonos-prowax-minifit.html\">Filtro Aud\u00edfonos PROWAX MINIFIT<\/a><\/div>\n<\/div>\n<div class=\"col-12 product-miniature-left\">\n<div class=\"product-price-and-shipping\">\n<p><span class=\"product-price\" content=\"12\" aria-label=\"Precio\">12,00\u00a0\u20ac<\/span><\/p>\n<div class=\"msg_discount\"><\/div>\n<\/div>\n<div class=\"productlist-stars\"><\/div>\n<\/div>\n<\/div>\n<\/div>\n<p>[\/et_pb_text][\/et_pb_column][et_pb_column _builder_version=\u00bb4.27.2&#8243; _module_preset=\u00bbdefault\u00bb type=\u00bb1_4&#8243; theme_builder_area=\u00bbpost_content\u00bb][et_pb_text _builder_version=\u00bb4.27.2&#8243; _module_preset=\u00bbdefault\u00bb theme_builder_area=\u00bbpost_content\u00bb hover_enabled=\u00bb0&#8243; sticky_enabled=\u00bb0&#8243;]<\/p>\n<div class=\"thumbnail-container reviews-loading\">\n<p><a href=\"https:\/\/www.cottet.com\/es\/audiologia\/senheiser-set-860.html\" class=\"thumbnail product-thumbnail\"><img loading=\"lazy\" decoding=\"async\" src=\"https:\/\/www.cottet.com\/44732-home_default\/senheiser-set-860.jpg\" data-src=\"https:\/\/www.cottet.com\/44732-home_default\/senheiser-set-860.jpg\" width=\"305\" height=\"305\" alt=\"Sennheiser - Dispositivo... 2\" class=\"img-fluid js-lazy-product-image lazy-product-image product-thumbnail-second entered loaded\" data-ll-status=\"loaded\" \/><\/a><\/p>\n<div class=\"product-functional-buttons product-functional-buttons-bottom\">\n<div class=\"product-functional-buttons-links\">\n<div class=\"product-add-cart js-product-add-cart-8860-0\">\n<form action=\"https:\/\/www.cottet.com\/es\/carrito?add=1&amp;id_product=8860&amp;id_product_attribute=0\" method=\"post\">\n<div class=\"input-group-add-cart\">\n<p><button class=\"btn btn-product-list add-to-cart\" data-button-action=\"add-to-cart\" type=\"submit\"><ion-icon name=\"bag-outline\" role=\"img\" class=\"md hydrated\" aria-label=\"bag outline\"><\/p>\n<div class=\"icon-inner\"><svg xmlns=\"http:\/\/www.w3.org\/2000\/svg\" class=\"ionicon s-ion-icon\" viewbox=\"0 0 512 512\"><path stroke-linecap=\"round\" stroke-linejoin=\"round\" d=\"M80 176a16 16 0 00-16 16v216c0 30.24 25.76 56 56 56h272c30.24 0 56-24.51 56-54.75V192a16 16 0 00-16-16zM160 176v-32a96 96 0 0196-96h0a96 96 0 0196 96v32\" class=\"ionicon-fill-none ionicon-stroke-width\"><\/path><\/svg><\/div>\n<p><\/ion-icon><span>\u00a0<\/span>A\u00f1adir a la cesta<\/button><\/div>\n<\/form>\n<\/div>\n<\/div>\n<\/div>\n<div class=\"product-availability d-block\"><\/div>\n<\/div>\n<div class=\"product-description\">\n<div class=\"row extra-small-gutters justify-content-end\">\n<div class=\"col-12\">\n<div class=\"row-flags\"><\/div>\n<\/div>\n<div class=\"col-12\">\n<div class=\"product-brand\"><a href=\"https:\/\/www.cottet.com\/es\/audiologia\/senheiser-set-860.html\">Cottet Audiolog\u00eda<\/a><\/div>\n<div class=\"h3 product-title\"><a href=\"https:\/\/www.cottet.com\/es\/audiologia\/senheiser-set-860.html\">Sennheiser &#8211; Dispositivo auditivo SET 860<\/a><\/div>\n<\/div>\n<div class=\"col-12 product-miniature-left\">\n<div class=\"product-price-and-shipping\"><span class=\"product-price\" content=\"267\" aria-label=\"Precio\">267,00\u00a0\u20ac<\/span><\/div>\n<\/div>\n<\/div>\n<\/div>\n<p>[\/et_pb_text][\/et_pb_column][et_pb_column _builder_version=\u00bb4.27.2&#8243; _module_preset=\u00bbdefault\u00bb type=\u00bb1_4&#8243; theme_builder_area=\u00bbpost_content\u00bb][et_pb_text _builder_version=\u00bb4.27.2&#8243; _module_preset=\u00bbdefault\u00bb theme_builder_area=\u00bbpost_content\u00bb hover_enabled=\u00bb0&#8243; sticky_enabled=\u00bb0&#8243;]<\/p>\n<div class=\"thumbnail-container reviews-loading\">\n<p><a href=\"https:\/\/www.cottet.com\/es\/audiologia\/pila-audifono-675-ae-6-unidades.html\" class=\"thumbnail product-thumbnail\"><img loading=\"lazy\" decoding=\"async\" src=\"https:\/\/www.cottet.com\/64754-home_default\/pila-audifono-675-ae-6-unidades.jpg\" alt=\"Pila aud\u00edfono 675-AE (6...\" data-full-size-image-url=\"https:\/\/www.cottet.com\/64754-thickbox_default\/pila-audifono-675-ae-6-unidades.jpg\" width=\"305\" height=\"305\" class=\"img-fluid   product-thumbnail-first  \" \/><\/a><\/p>\n<div class=\"product-functional-buttons product-functional-buttons-bottom\">\n<div class=\"product-functional-buttons-links\">\n<div class=\"product-add-cart js-product-add-cart-9097-0\">\n<form action=\"https:\/\/www.cottet.com\/es\/carrito?add=1&amp;id_product=9097&amp;id_product_attribute=0\" method=\"post\">\n<div class=\"input-group-add-cart\">\n<p><button class=\"btn btn-product-list add-to-cart\" data-button-action=\"add-to-cart\" type=\"submit\"><ion-icon name=\"bag-outline\" role=\"img\" class=\"md hydrated\" aria-label=\"bag outline\"><\/p>\n<div class=\"icon-inner\"><svg xmlns=\"http:\/\/www.w3.org\/2000\/svg\" class=\"ionicon s-ion-icon\" viewbox=\"0 0 512 512\"><path stroke-linecap=\"round\" stroke-linejoin=\"round\" d=\"M80 176a16 16 0 00-16 16v216c0 30.24 25.76 56 56 56h272c30.24 0 56-24.51 56-54.75V192a16 16 0 00-16-16zM160 176v-32a96 96 0 0196-96h0a96 96 0 0196 96v32\" class=\"ionicon-fill-none ionicon-stroke-width\"><\/path><\/svg><\/div>\n<p><\/ion-icon><span>\u00a0<\/span>A\u00f1adir a la cesta<\/button><\/div>\n<\/form>\n<\/div>\n<\/div>\n<\/div>\n<div class=\"product-availability d-block\"><\/div>\n<\/div>\n<div class=\"product-description\">\n<div class=\"row extra-small-gutters justify-content-end\">\n<div class=\"col-12\">\n<div class=\"row-flags\"><\/div>\n<\/div>\n<div class=\"col-12\">\n<div class=\"product-brand\"><a href=\"https:\/\/www.cottet.com\/es\/audiologia\/pila-audifono-675-ae-6-unidades.html\">Cottet Audiolog\u00eda<\/a><\/div>\n<div class=\"h3 product-title\"><a href=\"https:\/\/www.cottet.com\/es\/audiologia\/pila-audifono-675-ae-6-unidades.html\">Pila aud\u00edfono 675-AE (6 unidades)<\/a><\/div>\n<\/div>\n<div class=\"col-12 product-miniature-left\">\n<div class=\"product-price-and-shipping\">\n<p><span class=\"product-price\" content=\"4.9\" aria-label=\"Precio\">4,90\u00a0\u20ac<\/span><\/p>\n<div class=\"msg_discount\"><\/div>\n<\/div>\n<div class=\"productlist-stars\"><\/div>\n<\/div>\n<\/div>\n<\/div>\n<p>[\/et_pb_text][\/et_pb_column][\/et_pb_row][et_pb_row _builder_version=\u00bb4.27.2&#8243; _module_preset=\u00bbdefault\u00bb theme_builder_area=\u00bbpost_content\u00bb][et_pb_column _builder_version=\u00bb4.27.2&#8243; _module_preset=\u00bbdefault\u00bb type=\u00bb4_4&#8243; theme_builder_area=\u00bbpost_content\u00bb][et_pb_button button_text=\u00bbComprar aud\u00edfonos online\u00bb _builder_version=\u00bb4.27.2&#8243; _module_preset=\u00bbdefault\u00bb theme_builder_area=\u00bbpost_content\u00bb button_url=\u00bbhttps:\/\/www.cottet.com\/es\/audiologia.html\u00bb button_alignment=\u00bbcenter\u00bb hover_enabled=\u00bb0&#8243; sticky_enabled=\u00bb0&#8243;][\/et_pb_button][\/et_pb_column][\/et_pb_row][\/et_pb_section]<\/p>\n","protected":false},"excerpt":{"rendered":"<p>Descubre los grados de discapacidad auditiva que existen, desde la hipoacusia leve hasta la sordera profunda, como afecta a las personas que la padecen y los recursos para tratarla.<\/p>\n","protected":false},"author":1,"featured_media":589,"comment_status":"open","ping_status":"open","sticky":false,"template":"","format":"standard","meta":{"_et_pb_use_builder":"on","_et_pb_old_content":"","_et_gb_content_width":"","footnotes":""},"categories":[8],"tags":[],"class_list":["post-588","post","type-post","status-publish","format-standard","has-post-thumbnail","hentry","category-news"],"yoast_head":"<!-- This site is optimized with the Yoast SEO plugin v25.3 - https:\/\/yoast.com\/wordpress\/plugins\/seo\/ -->\n<title>Conoce los tipos de discapacidad auditiva y c\u00f3mo abordarlos - Cottet Blog<\/title>\n<meta name=\"robots\" content=\"index, follow, max-snippet:-1, max-image-preview:large, max-video-preview:-1\" \/>\n<link rel=\"canonical\" href=\"https:\/\/www.cottet.com\/blog\/conoce-los-tipos-de-discapacidad-auditiva-y-como-abordarlos\/\" \/>\n<meta property=\"og:locale\" content=\"es_ES\" \/>\n<meta property=\"og:type\" content=\"article\" \/>\n<meta property=\"og:title\" content=\"Conoce los tipos de discapacidad auditiva y c\u00f3mo abordarlos - Cottet Blog\" \/>\n<meta property=\"og:description\" content=\"Descubre los grados de discapacidad auditiva que existen, desde la hipoacusia leve hasta la sordera profunda, como afecta a las personas que la padecen y los recursos para tratarla.\" \/>\n<meta property=\"og:url\" content=\"https:\/\/www.cottet.com\/blog\/conoce-los-tipos-de-discapacidad-auditiva-y-como-abordarlos\/\" \/>\n<meta property=\"og:site_name\" content=\"Cottet Blog\" \/>\n<meta property=\"article:publisher\" content=\"https:\/\/www.facebook.com\/Cottet1902\/\" \/>\n<meta property=\"article:published_time\" content=\"2025-01-24T10:45:00+00:00\" \/>\n<meta property=\"article:modified_time\" content=\"2025-03-28T10:48:32+00:00\" \/>\n<meta property=\"og:image\" content=\"https:\/\/www.cottet.com\/blog\/wp-content\/uploads\/2025\/03\/118-thumb.png\" \/>\n\t<meta property=\"og:image:width\" content=\"409\" \/>\n\t<meta property=\"og:image:height\" content=\"459\" \/>\n\t<meta property=\"og:image:type\" content=\"image\/png\" \/>\n<meta name=\"author\" content=\"Cottet\" \/>\n<meta name=\"twitter:card\" content=\"summary_large_image\" \/>\n<meta name=\"twitter:creator\" content=\"@cottet1902\" \/>\n<meta name=\"twitter:site\" content=\"@cottet1902\" \/>\n<meta name=\"twitter:label1\" content=\"Escrito por\" \/>\n\t<meta name=\"twitter:data1\" content=\"Cottet\" \/>\n\t<meta name=\"twitter:label2\" content=\"Tiempo de lectura\" \/>\n\t<meta name=\"twitter:data2\" content=\"8 minutos\" \/>\n<script type=\"application\/ld+json\" class=\"yoast-schema-graph\">{\"@context\":\"https:\/\/schema.org\",\"@graph\":[{\"@type\":\"Article\",\"@id\":\"https:\/\/www.cottet.com\/blog\/conoce-los-tipos-de-discapacidad-auditiva-y-como-abordarlos\/#article\",\"isPartOf\":{\"@id\":\"https:\/\/www.cottet.com\/blog\/conoce-los-tipos-de-discapacidad-auditiva-y-como-abordarlos\/\"},\"author\":{\"name\":\"Cottet\",\"@id\":\"https:\/\/www.cottet.com\/blog\/#\/schema\/person\/1f6d32959d38031faf5b70f8b45faccd\"},\"headline\":\"Conoce los tipos de discapacidad auditiva y c\u00f3mo abordarlos\",\"datePublished\":\"2025-01-24T10:45:00+00:00\",\"dateModified\":\"2025-03-28T10:48:32+00:00\",\"mainEntityOfPage\":{\"@id\":\"https:\/\/www.cottet.com\/blog\/conoce-los-tipos-de-discapacidad-auditiva-y-como-abordarlos\/\"},\"wordCount\":1604,\"commentCount\":0,\"publisher\":{\"@id\":\"https:\/\/www.cottet.com\/blog\/#organization\"},\"image\":{\"@id\":\"https:\/\/www.cottet.com\/blog\/conoce-los-tipos-de-discapacidad-auditiva-y-como-abordarlos\/#primaryimage\"},\"thumbnailUrl\":\"https:\/\/www.cottet.com\/blog\/wp-content\/uploads\/2025\/03\/118-thumb.png\",\"articleSection\":[\"News\"],\"inLanguage\":\"es\",\"potentialAction\":[{\"@type\":\"CommentAction\",\"name\":\"Comment\",\"target\":[\"https:\/\/www.cottet.com\/blog\/conoce-los-tipos-de-discapacidad-auditiva-y-como-abordarlos\/#respond\"]}]},{\"@type\":\"WebPage\",\"@id\":\"https:\/\/www.cottet.com\/blog\/conoce-los-tipos-de-discapacidad-auditiva-y-como-abordarlos\/\",\"url\":\"https:\/\/www.cottet.com\/blog\/conoce-los-tipos-de-discapacidad-auditiva-y-como-abordarlos\/\",\"name\":\"Conoce los tipos de discapacidad auditiva y c\u00f3mo abordarlos - Cottet Blog\",\"isPartOf\":{\"@id\":\"https:\/\/www.cottet.com\/blog\/#website\"},\"primaryImageOfPage\":{\"@id\":\"https:\/\/www.cottet.com\/blog\/conoce-los-tipos-de-discapacidad-auditiva-y-como-abordarlos\/#primaryimage\"},\"image\":{\"@id\":\"https:\/\/www.cottet.com\/blog\/conoce-los-tipos-de-discapacidad-auditiva-y-como-abordarlos\/#primaryimage\"},\"thumbnailUrl\":\"https:\/\/www.cottet.com\/blog\/wp-content\/uploads\/2025\/03\/118-thumb.png\",\"datePublished\":\"2025-01-24T10:45:00+00:00\",\"dateModified\":\"2025-03-28T10:48:32+00:00\",\"breadcrumb\":{\"@id\":\"https:\/\/www.cottet.com\/blog\/conoce-los-tipos-de-discapacidad-auditiva-y-como-abordarlos\/#breadcrumb\"},\"inLanguage\":\"es\",\"potentialAction\":[{\"@type\":\"ReadAction\",\"target\":[\"https:\/\/www.cottet.com\/blog\/conoce-los-tipos-de-discapacidad-auditiva-y-como-abordarlos\/\"]}]},{\"@type\":\"ImageObject\",\"inLanguage\":\"es\",\"@id\":\"https:\/\/www.cottet.com\/blog\/conoce-los-tipos-de-discapacidad-auditiva-y-como-abordarlos\/#primaryimage\",\"url\":\"https:\/\/www.cottet.com\/blog\/wp-content\/uploads\/2025\/03\/118-thumb.png\",\"contentUrl\":\"https:\/\/www.cottet.com\/blog\/wp-content\/uploads\/2025\/03\/118-thumb.png\",\"width\":409,\"height\":459},{\"@type\":\"BreadcrumbList\",\"@id\":\"https:\/\/www.cottet.com\/blog\/conoce-los-tipos-de-discapacidad-auditiva-y-como-abordarlos\/#breadcrumb\",\"itemListElement\":[{\"@type\":\"ListItem\",\"position\":1,\"name\":\"Portada\",\"item\":\"https:\/\/www.cottet.com\/blog\/\"},{\"@type\":\"ListItem\",\"position\":2,\"name\":\"Conoce los tipos de discapacidad auditiva y c\u00f3mo abordarlos\"}]},{\"@type\":\"WebSite\",\"@id\":\"https:\/\/www.cottet.com\/blog\/#website\",\"url\":\"https:\/\/www.cottet.com\/blog\/\",\"name\":\"Cottet Blog\",\"description\":\"\",\"publisher\":{\"@id\":\"https:\/\/www.cottet.com\/blog\/#organization\"},\"potentialAction\":[{\"@type\":\"SearchAction\",\"target\":{\"@type\":\"EntryPoint\",\"urlTemplate\":\"https:\/\/www.cottet.com\/blog\/?s={search_term_string}\"},\"query-input\":{\"@type\":\"PropertyValueSpecification\",\"valueRequired\":true,\"valueName\":\"search_term_string\"}}],\"inLanguage\":\"es\"},{\"@type\":\"Organization\",\"@id\":\"https:\/\/www.cottet.com\/blog\/#organization\",\"name\":\"Cottet Blog\",\"url\":\"https:\/\/www.cottet.com\/blog\/\",\"logo\":{\"@type\":\"ImageObject\",\"inLanguage\":\"es\",\"@id\":\"https:\/\/www.cottet.com\/blog\/#\/schema\/logo\/image\/\",\"url\":\"https:\/\/www.cottet.com\/blog\/wp-content\/uploads\/2025\/03\/logo-1673367279.png\",\"contentUrl\":\"https:\/\/www.cottet.com\/blog\/wp-content\/uploads\/2025\/03\/logo-1673367279.png\",\"width\":200,\"height\":40,\"caption\":\"Cottet Blog\"},\"image\":{\"@id\":\"https:\/\/www.cottet.com\/blog\/#\/schema\/logo\/image\/\"},\"sameAs\":[\"https:\/\/www.facebook.com\/Cottet1902\/\",\"https:\/\/x.com\/cottet1902\",\"https:\/\/www.instagram.com\/cottet_oficial\/\",\"https:\/\/www.tiktok.com\/@cottet_oficial\",\"https:\/\/www.youtube.com\/user\/CottetOptica\"]},{\"@type\":\"Person\",\"@id\":\"https:\/\/www.cottet.com\/blog\/#\/schema\/person\/1f6d32959d38031faf5b70f8b45faccd\",\"name\":\"Cottet\",\"image\":{\"@type\":\"ImageObject\",\"inLanguage\":\"es\",\"@id\":\"https:\/\/www.cottet.com\/blog\/#\/schema\/person\/image\/\",\"url\":\"https:\/\/secure.gravatar.com\/avatar\/6fc9db6880b98e4db810d9e79a975cc731a427bdefd1e98caedd7c29a0027241?s=96&d=mm&r=g\",\"contentUrl\":\"https:\/\/secure.gravatar.com\/avatar\/6fc9db6880b98e4db810d9e79a975cc731a427bdefd1e98caedd7c29a0027241?s=96&d=mm&r=g\",\"caption\":\"Cottet\"},\"sameAs\":[\"https:\/\/cottet.com\/blog\"],\"url\":\"https:\/\/www.cottet.com\/blog\/author\/cottet\/\"}]}<\/script>\n<!-- \/ Yoast SEO plugin. -->","yoast_head_json":{"title":"Conoce los tipos de discapacidad auditiva y c\u00f3mo abordarlos - Cottet Blog","robots":{"index":"index","follow":"follow","max-snippet":"max-snippet:-1","max-image-preview":"max-image-preview:large","max-video-preview":"max-video-preview:-1"},"canonical":"https:\/\/www.cottet.com\/blog\/conoce-los-tipos-de-discapacidad-auditiva-y-como-abordarlos\/","og_locale":"es_ES","og_type":"article","og_title":"Conoce los tipos de discapacidad auditiva y c\u00f3mo abordarlos - Cottet Blog","og_description":"Descubre los grados de discapacidad auditiva que existen, desde la hipoacusia leve hasta la sordera profunda, como afecta a las personas que la padecen y los recursos para tratarla.","og_url":"https:\/\/www.cottet.com\/blog\/conoce-los-tipos-de-discapacidad-auditiva-y-como-abordarlos\/","og_site_name":"Cottet Blog","article_publisher":"https:\/\/www.facebook.com\/Cottet1902\/","article_published_time":"2025-01-24T10:45:00+00:00","article_modified_time":"2025-03-28T10:48:32+00:00","og_image":[{"width":409,"height":459,"url":"https:\/\/www.cottet.com\/blog\/wp-content\/uploads\/2025\/03\/118-thumb.png","type":"image\/png"}],"author":"Cottet","twitter_card":"summary_large_image","twitter_creator":"@cottet1902","twitter_site":"@cottet1902","twitter_misc":{"Escrito por":"Cottet","Tiempo de lectura":"8 minutos"},"schema":{"@context":"https:\/\/schema.org","@graph":[{"@type":"Article","@id":"https:\/\/www.cottet.com\/blog\/conoce-los-tipos-de-discapacidad-auditiva-y-como-abordarlos\/#article","isPartOf":{"@id":"https:\/\/www.cottet.com\/blog\/conoce-los-tipos-de-discapacidad-auditiva-y-como-abordarlos\/"},"author":{"name":"Cottet","@id":"https:\/\/www.cottet.com\/blog\/#\/schema\/person\/1f6d32959d38031faf5b70f8b45faccd"},"headline":"Conoce los tipos de discapacidad auditiva y c\u00f3mo abordarlos","datePublished":"2025-01-24T10:45:00+00:00","dateModified":"2025-03-28T10:48:32+00:00","mainEntityOfPage":{"@id":"https:\/\/www.cottet.com\/blog\/conoce-los-tipos-de-discapacidad-auditiva-y-como-abordarlos\/"},"wordCount":1604,"commentCount":0,"publisher":{"@id":"https:\/\/www.cottet.com\/blog\/#organization"},"image":{"@id":"https:\/\/www.cottet.com\/blog\/conoce-los-tipos-de-discapacidad-auditiva-y-como-abordarlos\/#primaryimage"},"thumbnailUrl":"https:\/\/www.cottet.com\/blog\/wp-content\/uploads\/2025\/03\/118-thumb.png","articleSection":["News"],"inLanguage":"es","potentialAction":[{"@type":"CommentAction","name":"Comment","target":["https:\/\/www.cottet.com\/blog\/conoce-los-tipos-de-discapacidad-auditiva-y-como-abordarlos\/#respond"]}]},{"@type":"WebPage","@id":"https:\/\/www.cottet.com\/blog\/conoce-los-tipos-de-discapacidad-auditiva-y-como-abordarlos\/","url":"https:\/\/www.cottet.com\/blog\/conoce-los-tipos-de-discapacidad-auditiva-y-como-abordarlos\/","name":"Conoce los tipos de discapacidad auditiva y c\u00f3mo abordarlos - Cottet Blog","isPartOf":{"@id":"https:\/\/www.cottet.com\/blog\/#website"},"primaryImageOfPage":{"@id":"https:\/\/www.cottet.com\/blog\/conoce-los-tipos-de-discapacidad-auditiva-y-como-abordarlos\/#primaryimage"},"image":{"@id":"https:\/\/www.cottet.com\/blog\/conoce-los-tipos-de-discapacidad-auditiva-y-como-abordarlos\/#primaryimage"},"thumbnailUrl":"https:\/\/www.cottet.com\/blog\/wp-content\/uploads\/2025\/03\/118-thumb.png","datePublished":"2025-01-24T10:45:00+00:00","dateModified":"2025-03-28T10:48:32+00:00","breadcrumb":{"@id":"https:\/\/www.cottet.com\/blog\/conoce-los-tipos-de-discapacidad-auditiva-y-como-abordarlos\/#breadcrumb"},"inLanguage":"es","potentialAction":[{"@type":"ReadAction","target":["https:\/\/www.cottet.com\/blog\/conoce-los-tipos-de-discapacidad-auditiva-y-como-abordarlos\/"]}]},{"@type":"ImageObject","inLanguage":"es","@id":"https:\/\/www.cottet.com\/blog\/conoce-los-tipos-de-discapacidad-auditiva-y-como-abordarlos\/#primaryimage","url":"https:\/\/www.cottet.com\/blog\/wp-content\/uploads\/2025\/03\/118-thumb.png","contentUrl":"https:\/\/www.cottet.com\/blog\/wp-content\/uploads\/2025\/03\/118-thumb.png","width":409,"height":459},{"@type":"BreadcrumbList","@id":"https:\/\/www.cottet.com\/blog\/conoce-los-tipos-de-discapacidad-auditiva-y-como-abordarlos\/#breadcrumb","itemListElement":[{"@type":"ListItem","position":1,"name":"Portada","item":"https:\/\/www.cottet.com\/blog\/"},{"@type":"ListItem","position":2,"name":"Conoce los tipos de discapacidad auditiva y c\u00f3mo abordarlos"}]},{"@type":"WebSite","@id":"https:\/\/www.cottet.com\/blog\/#website","url":"https:\/\/www.cottet.com\/blog\/","name":"Cottet Blog","description":"","publisher":{"@id":"https:\/\/www.cottet.com\/blog\/#organization"},"potentialAction":[{"@type":"SearchAction","target":{"@type":"EntryPoint","urlTemplate":"https:\/\/www.cottet.com\/blog\/?s={search_term_string}"},"query-input":{"@type":"PropertyValueSpecification","valueRequired":true,"valueName":"search_term_string"}}],"inLanguage":"es"},{"@type":"Organization","@id":"https:\/\/www.cottet.com\/blog\/#organization","name":"Cottet Blog","url":"https:\/\/www.cottet.com\/blog\/","logo":{"@type":"ImageObject","inLanguage":"es","@id":"https:\/\/www.cottet.com\/blog\/#\/schema\/logo\/image\/","url":"https:\/\/www.cottet.com\/blog\/wp-content\/uploads\/2025\/03\/logo-1673367279.png","contentUrl":"https:\/\/www.cottet.com\/blog\/wp-content\/uploads\/2025\/03\/logo-1673367279.png","width":200,"height":40,"caption":"Cottet Blog"},"image":{"@id":"https:\/\/www.cottet.com\/blog\/#\/schema\/logo\/image\/"},"sameAs":["https:\/\/www.facebook.com\/Cottet1902\/","https:\/\/x.com\/cottet1902","https:\/\/www.instagram.com\/cottet_oficial\/","https:\/\/www.tiktok.com\/@cottet_oficial","https:\/\/www.youtube.com\/user\/CottetOptica"]},{"@type":"Person","@id":"https:\/\/www.cottet.com\/blog\/#\/schema\/person\/1f6d32959d38031faf5b70f8b45faccd","name":"Cottet","image":{"@type":"ImageObject","inLanguage":"es","@id":"https:\/\/www.cottet.com\/blog\/#\/schema\/person\/image\/","url":"https:\/\/secure.gravatar.com\/avatar\/6fc9db6880b98e4db810d9e79a975cc731a427bdefd1e98caedd7c29a0027241?s=96&d=mm&r=g","contentUrl":"https:\/\/secure.gravatar.com\/avatar\/6fc9db6880b98e4db810d9e79a975cc731a427bdefd1e98caedd7c29a0027241?s=96&d=mm&r=g","caption":"Cottet"},"sameAs":["https:\/\/cottet.com\/blog"],"url":"https:\/\/www.cottet.com\/blog\/author\/cottet\/"}]}},"_links":{"self":[{"href":"https:\/\/www.cottet.com\/blog\/wp-json\/wp\/v2\/posts\/588","targetHints":{"allow":["GET"]}}],"collection":[{"href":"https:\/\/www.cottet.com\/blog\/wp-json\/wp\/v2\/posts"}],"about":[{"href":"https:\/\/www.cottet.com\/blog\/wp-json\/wp\/v2\/types\/post"}],"author":[{"embeddable":true,"href":"https:\/\/www.cottet.com\/blog\/wp-json\/wp\/v2\/users\/1"}],"replies":[{"embeddable":true,"href":"https:\/\/www.cottet.com\/blog\/wp-json\/wp\/v2\/comments?post=588"}],"version-history":[{"count":4,"href":"https:\/\/www.cottet.com\/blog\/wp-json\/wp\/v2\/posts\/588\/revisions"}],"predecessor-version":[{"id":594,"href":"https:\/\/www.cottet.com\/blog\/wp-json\/wp\/v2\/posts\/588\/revisions\/594"}],"wp:featuredmedia":[{"embeddable":true,"href":"https:\/\/www.cottet.com\/blog\/wp-json\/wp\/v2\/media\/589"}],"wp:attachment":[{"href":"https:\/\/www.cottet.com\/blog\/wp-json\/wp\/v2\/media?parent=588"}],"wp:term":[{"taxonomy":"category","embeddable":true,"href":"https:\/\/www.cottet.com\/blog\/wp-json\/wp\/v2\/categories?post=588"},{"taxonomy":"post_tag","embeddable":true,"href":"https:\/\/www.cottet.com\/blog\/wp-json\/wp\/v2\/tags?post=588"}],"curies":[{"name":"wp","href":"https:\/\/api.w.org\/{rel}","templated":true}]}}