{"id":806,"date":"2024-11-27T13:11:00","date_gmt":"2024-11-27T12:11:00","guid":{"rendered":"https:\/\/cottet.com\/blog\/todo-sobre-el-test-de-presbicia-detecta-la-vista-cansada-en-minutos\/"},"modified":"2025-04-01T13:13:29","modified_gmt":"2025-04-01T11:13:29","slug":"tot-sobre-el-test-de-presbicia-detecta-la-vista-cansada-en-minuts","status":"publish","type":"post","link":"https:\/\/www.cottet.com\/blog\/ca\/tot-sobre-el-test-de-presbicia-detecta-la-vista-cansada-en-minuts\/","title":{"rendered":"Tot sobre el test de presb\u00edcia: detecta la vista cansada en minuts"},"content":{"rendered":"<p>[et_pb_section fb_built=&#8221;1&#8243; _builder_version=&#8221;4.27.2&#8243; _module_preset=&#8221;default&#8221; global_colors_info=&#8221;{}&#8221; theme_builder_area=&#8221;post_content&#8221;][et_pb_row _builder_version=&#8221;4.27.2&#8243; _module_preset=&#8221;default&#8221; global_colors_info=&#8221;{}&#8221; theme_builder_area=&#8221;post_content&#8221;][et_pb_column type=&#8221;4_4&#8243; _builder_version=&#8221;4.27.2&#8243; _module_preset=&#8221;default&#8221; global_colors_info=&#8221;{}&#8221; theme_builder_area=&#8221;post_content&#8221;][et_pb_text _builder_version=&#8221;4.27.2&#8243; _module_preset=&#8221;default&#8221; hover_enabled=&#8221;0&#8243; global_colors_info=&#8221;{}&#8221; theme_builder_area=&#8221;post_content&#8221; sticky_enabled=&#8221;0&#8243;]<\/p>\n<h1>Tot sobre el test de presb\u00edcia: detecta la vista cansada en minuts<br \/>\n<\/h1>\n<p>[\/et_pb_text][et_pb_image src=&#8221;https:\/\/cottet.com\/blog\/wp-content\/uploads\/2025\/03\/113-thumb.jpg&#8221; title_text=&#8221;113-thumb&#8221; _builder_version=&#8221;4.27.2&#8243; _module_preset=&#8221;default&#8221; global_colors_info=&#8221;{}&#8221; theme_builder_area=&#8221;post_content&#8221;][\/et_pb_image][et_pb_text _builder_version=&#8221;4.27.2&#8243; _module_preset=&#8221;default&#8221; hover_enabled=&#8221;0&#8243; global_colors_info=&#8221;{}&#8221; theme_builder_area=&#8221;post_content&#8221; sticky_enabled=&#8221;0&#8243;]<\/p>\n<p>La presb\u00edcia i la miopia s\u00f3n dues de les condicions visuals m\u00e9s comunes i, tot i que moltes persones poden confondre-les, s\u00f3n problemes completament diferents. Totes dues afecten la capacitat de veure amb claredat, per\u00f2 tenen causes, s\u00edmptomes i solucions diferents.<\/p>\n<p dir=\"ltr\">\n<p>La presb\u00edcia, coneguda tamb\u00e9 com a<span>\u00a0<\/span><em>&#8220;vista cansada&#8221;<\/em>, apareix amb l\u2019edat, mentre que la miopia dificulta veure de lluny i es pot desenvolupar en qualsevol etapa de la vida.<\/p>\n<p>[\/et_pb_text][et_pb_button button_url=&#8221;https:\/\/www.cottet.com\/es\/cita-online&#8221; button_text=&#8221;Demana cita pr\u00e8via&#8221; button_alignment=&#8221;center&#8221; _builder_version=&#8221;4.27.2&#8243; _module_preset=&#8221;default&#8221; hover_enabled=&#8221;0&#8243; global_colors_info=&#8221;{}&#8221; theme_builder_area=&#8221;post_content&#8221; sticky_enabled=&#8221;0&#8243;][\/et_pb_button][et_pb_text _builder_version=&#8221;4.27.2&#8243; _module_preset=&#8221;default&#8221; hover_enabled=&#8221;0&#8243; global_colors_info=&#8221;{}&#8221; theme_builder_area=&#8221;post_content&#8221; sticky_enabled=&#8221;0&#8243;]<\/p>\n<div class=\"elementor-widget elementor-element elementor-element-es8und8 elementor-widget-heading\" data-element_type=\"heading\">\n<div class=\"elementor-widget-container\">\n<h2 class=\"elementor-heading-title elementor-size-default none\"><span>Qu\u00e8 \u00e9s la presb\u00edcia i com afecta la teva visi\u00f3<\/span><\/h2>\n<\/div>\n<\/div>\n<div class=\"elementor-widget elementor-element elementor-element-ysa3hil elementor-widget-text-editor\" data-element_type=\"text-editor\">\n<div class=\"elementor-widget-container\">\n<div class=\"elementor-text-editor rte-content\">\n<p><strong>Si el que est\u00e0s buscant \u00e9s com es diu quan no veus de lluny, no \u00e9s presb\u00edcia.<\/strong><span>\u00a0<\/span>La presb\u00edcia afecta principalment la capacitat d\u2019enfocar objectes propers, cosa que dificulta activitats com llegir o treballar amb dispositius electr\u00f2nics.<\/p>\n<h3><strong>Els s\u00edmptomes de la presb\u00edcia<\/strong><\/h3>\n<p>Per identificar si podries tenir presb\u00edcia, presta atenci\u00f3 als seg\u00fcents signes:<\/p>\n<ul>\n<li>Necessitat de m\u00e9s llum per llegir.<\/li>\n<li>Fatiga visual despr\u00e9s de l\u2019\u00fas prolongat de dispositius electr\u00f2nics.<\/li>\n<li>Allunyar objectes per poder enfocar-los.<\/li>\n<li>Mal de cap en realitzar tasques pr\u00f2ximes, com llegir o escriure.<\/li>\n<\/ul>\n<h3><strong>Causes i factors de risc<\/strong><\/h3>\n<p>La presb\u00edcia est\u00e0 relacionada amb l\u2019envelliment natural de l\u2019ull i sol apar\u00e8ixer al voltant dels 40 anys. Tot i aix\u00f2, factors com la gen\u00e8tica, l\u2019\u00fas prolongat de pantalles i certes condicions m\u00e8diques poden accelerar-ne l\u2019aparici\u00f3.<\/p>\n<h3><strong>Difer\u00e8ncies entre la presb\u00edcia i la miopia<\/strong><\/h3>\n<p>Encara que totes dues afecten la visi\u00f3, hi ha difer\u00e8ncies clau:<\/p>\n<ul>\n<li><strong>Presb\u00edcia:<\/strong><span>\u00a0<\/span>dificulta veure de prop i est\u00e0 relacionada amb la p\u00e8rdua d\u2019elasticitat del cristal\u00b7l\u00ed per l\u2019envelliment.<\/li>\n<li><strong>Miopia:<\/strong><span>\u00a0<\/span>afecta la visi\u00f3 llunyana a causa d\u2019una forma irregular de l\u2019ull que impedeix que la llum s\u2019enfoqui correctament a la retina.<\/li>\n<\/ul>\n<p>\u00c9s possible que una persona tingui presb\u00edcia i miopia al mateix temps. En aquests casos, solucions com les ulleres progressives o multifocals permeten corregir ambdues condicions.<\/p>\n<h3><strong>El test de presb\u00edcia: com detectar-la<\/strong><\/h3>\n<p>El test de presb\u00edcia \u00e9s una eina senzilla que permet avaluar la capacitat d\u2019enfocar a curta dist\u00e0ncia. Tot i que es pot fer a casa, \u00e9s fonamental acudir a un professional per a un diagn\u00f2stic prec\u00eds, especialment si tamb\u00e9 tens miopia o altres condicions visuals.<\/p>\n<h4><strong>Com es fa el test de presb\u00edcia a casa?<\/strong><\/h4>\n<p>Si sospites que podries tenir presb\u00edcia, segueix aquests passos per fer un test preliminar:<\/p>\n<ol>\n<li>Busca un text amb lletres petites, com el prospecte d\u2019un medicament o un llibre amb lletra fina.<\/li>\n<li>Col\u00b7loca el text a uns 30-40 cent\u00edmetres dels teus ulls.<\/li>\n<li>Si necessites allunyar-lo per llegir-lo amb claredat, \u00e9s probable que tinguis presb\u00edcia.<\/li>\n<\/ol>\n<p>Aquest test \u00e9s orientatiu i no substitueix una avaluaci\u00f3 professional.<\/p>\n<h3><strong>El diagn\u00f2stic de la presb\u00edcia i la miopia<\/strong><\/h3>\n<p>Per confirmar la presb\u00edcia i la miopia, es realitzen proves espec\u00edfiques durant un examen ocular complet:<\/p>\n<ul>\n<li><strong>Presb\u00edcia:<\/strong><span>\u00a0<\/span>s\u2019avalua la capacitat d\u2019enfocar de prop mitjan\u00e7ant tests com la refracci\u00f3 i l\u2019\u00fas de lents espec\u00edfiques.<\/li>\n<li><strong>Miopia:<\/strong><span>\u00a0<\/span>es mesura l\u2019agudesa visual i el grau de refracci\u00f3 per determinar com afecta la visi\u00f3 llunyana.<\/li>\n<\/ul>\n<p>En casos on ambdues condicions estiguin presents, el professional dissenyar\u00e0 un pla personalitzat per abordar ambdues necessitats visuals.<\/p>\n<h3><strong>Tractaments i solucions per a la presb\u00edcia i la miopia<\/strong><\/h3>\n<p>Un cop confirmat el diagn\u00f2stic, les opcions de tractament varien segons la condici\u00f3:<\/p>\n<h4><strong>Tractaments per a la presb\u00edcia<\/strong><\/h4>\n<ul>\n<li><strong>Ulleres de lectura:<\/strong><span>\u00a0<\/span>ideals per a tasques de prop.<\/li>\n<li><strong>Lents progressives o multifocals:<\/strong><span>\u00a0<\/span>corregeixen tant la visi\u00f3 de prop com la llunyana.<\/li>\n<li><strong>Lents de contacte multifocals:<\/strong><span>\u00a0<\/span>una soluci\u00f3 pr\u00e0ctica per a qui prefereix no utilitzar ulleres.<\/li>\n<li><strong>Cirurgia l\u00e0ser:<\/strong><span>\u00a0<\/span>procediments com PresbyLASIK poden ser una soluci\u00f3 a llarg termini.<\/li>\n<li><strong>Implants intraoculars:<\/strong><span>\u00a0<\/span>ofereixen una correcci\u00f3 permanent en alguns casos.<\/li>\n<\/ul>\n<h4><strong>Tractaments per a la miopia<\/strong><\/h4>\n<p dir=\"ltr\">\n<ul>\n<li><strong>Ulleres o lents de contacte:<\/strong><span>\u00a0<\/span>una soluci\u00f3 est\u00e0ndard per corregir la visi\u00f3 llunyana.<\/li>\n<li><strong>Cirurgia refractiva (LASIK, PRK, SMILE):<\/strong><span>\u00a0<\/span>modifica la curvatura de la c\u00f2rnia per millorar la visi\u00f3.<\/li>\n<li><strong>Ortoqueratologia (Orto-K):<\/strong><span>\u00a0<\/span>lents r\u00edgides que modelen la c\u00f2rnia durant la nit, proporcionant una correcci\u00f3 temporal.<\/li>\n<\/ul>\n<\/div>\n<\/div>\n<\/div>\n<p>[\/et_pb_text][\/et_pb_column][\/et_pb_row][et_pb_row column_structure=&#8221;1_4,1_4,1_4,1_4&#8243; _builder_version=&#8221;4.27.2&#8243; _module_preset=&#8221;default&#8221; global_colors_info=&#8221;{}&#8221; theme_builder_area=&#8221;post_content&#8221;][et_pb_column type=&#8221;1_4&#8243; _builder_version=&#8221;4.27.2&#8243; _module_preset=&#8221;default&#8221; global_colors_info=&#8221;{}&#8221; theme_builder_area=&#8221;post_content&#8221;][et_pb_text _builder_version=&#8221;4.27.2&#8243; _module_preset=&#8221;default&#8221; hover_enabled=&#8221;0&#8243; global_colors_info=&#8221;{}&#8221; theme_builder_area=&#8221;post_content&#8221; sticky_enabled=&#8221;0&#8243;]<\/p>\n<div class=\"thumbnail-container reviews-loading\">\n<div class=\"thumbnail-container reviews-loading\">\n<p><a href=\"https:\/\/www.cottet.com\/ca\/ulleres-graduades\/gafas-graduadas-unisex-lunettier-morez-dorado.html#\/17-como_quieres_tu_gafa-graduada\/18-tipo_de_lente-lentes_progresivas\" class=\"thumbnail product-thumbnail\"><img loading=\"lazy\" decoding=\"async\" src=\"https:\/\/www.cottet.com\/83862-home_default\/gafas-graduadas-unisex-lunettier-morez-dorado.jpg\" data-src=\"https:\/\/www.cottet.com\/83862-home_default\/gafas-graduadas-unisex-lunettier-morez-dorado.jpg\" width=\"305\" height=\"305\" alt=\"Ulleres graduades -... 2\" class=\"img-fluid js-lazy-product-image lazy-product-image product-thumbnail-second entered loaded\" data-ll-status=\"loaded\" \/><\/a><\/p>\n<div class=\"product-functional-buttons product-functional-buttons-bottom\">\n<div class=\"product-functional-buttons-links\">\n<div class=\"product-add-cart js-product-add-cart-18747-7967\">\n<form action=\"https:\/\/www.cottet.com\/ca\/carro-de-la-compra?add=1&amp;id_product=18747&amp;id_product_attribute=7967\" method=\"post\">\n<div class=\"input-group-add-cart\">\n<p><button class=\"btn btn-product-list add-to-cart\" data-button-action=\"add-to-cart\" type=\"submit\"><ion-icon name=\"bag-outline\" role=\"img\" class=\"md hydrated\" aria-label=\"bag outline\"><\/p>\n<div class=\"icon-inner\"><svg xmlns=\"http:\/\/www.w3.org\/2000\/svg\" class=\"ionicon s-ion-icon\" viewbox=\"0 0 512 512\"><path stroke-linecap=\"round\" stroke-linejoin=\"round\" d=\"M80 176a16 16 0 00-16 16v216c0 30.24 25.76 56 56 56h272c30.24 0 56-24.51 56-54.75V192a16 16 0 00-16-16zM160 176v-32a96 96 0 0196-96h0a96 96 0 0196 96v32\" class=\"ionicon-fill-none ionicon-stroke-width\"><\/path><\/svg><\/div>\n<p><\/ion-icon><span>\u00a0<\/span>Afegeix a la cistella<\/button><\/div>\n<\/form>\n<\/div>\n<\/div>\n<\/div>\n<div class=\"product-availability d-block\"><\/div>\n<\/div>\n<div class=\"product-description\">\n<div class=\"row extra-small-gutters justify-content-end\">\n<div class=\"col-12\">\n<div class=\"row-flags\"><\/div>\n<\/div>\n<div class=\"col-12\">\n<div class=\"product-brand\"><a href=\"https:\/\/www.cottet.com\/ca\/ulleres-graduades\/gafas-graduadas-unisex-lunettier-morez-dorado.html#\/17-como_quieres_tu_gafa-graduada\/18-tipo_de_lente-lentes_progresivas\">Lunettier<\/a><\/div>\n<div class=\"h3 product-title\"><a href=\"https:\/\/www.cottet.com\/ca\/ulleres-graduades\/gafas-graduadas-unisex-lunettier-morez-dorado.html#\/17-como_quieres_tu_gafa-graduada\/18-tipo_de_lente-lentes_progresivas\">Ulleres graduades &#8211; Lunettier Morez Daurat<\/a><\/div>\n<\/div>\n<div class=\"col-12 product-miniature-left\">\n<div class=\"product-price-and-shipping\"><span class=\"product-price\" content=\"58.5\" aria-label=\"Preu\"><span class=\"red\">58,50\u00a0\u20ac<\/span><span>\u00a0<\/span><\/span><span class=\"regular-price text-muted\">195,00\u00a0\u20ac<\/span><span>\u00a0<\/span><span class=\"flag-has-disc\">-70%<\/span><\/div>\n<\/div>\n<\/div>\n<\/div>\n<\/div>\n<div class=\"product-description\">\n<div class=\"row extra-small-gutters justify-content-end\">\n<div class=\"col-12 product-miniature-left\"><\/div>\n<\/div>\n<\/div>\n<p>[\/et_pb_text][\/et_pb_column][et_pb_column type=&#8221;1_4&#8243; _builder_version=&#8221;4.27.2&#8243; _module_preset=&#8221;default&#8221; global_colors_info=&#8221;{}&#8221; theme_builder_area=&#8221;post_content&#8221;][et_pb_text _builder_version=&#8221;4.27.2&#8243; _module_preset=&#8221;default&#8221; hover_enabled=&#8221;0&#8243; global_colors_info=&#8221;{}&#8221; theme_builder_area=&#8221;post_content&#8221; sticky_enabled=&#8221;0&#8243;]<\/p>\n<div class=\"thumbnail-container reviews-loading\">\n<div class=\"thumbnail-container reviews-loading\">\n<p><a href=\"https:\/\/www.cottet.com\/ca\/ulleres-graduades\/ulleres-amb-filtre-urban-paris-c71-.html\" class=\"thumbnail product-thumbnail\"><img loading=\"lazy\" decoding=\"async\" src=\"https:\/\/www.cottet.com\/83981-home_default\/ulleres-amb-filtre-urban-paris-c71-.jpg\" data-src=\"https:\/\/www.cottet.com\/83981-home_default\/ulleres-amb-filtre-urban-paris-c71-.jpg\" width=\"305\" height=\"305\" alt=\"Ulleres amb filtre Urban -... 2\" class=\"img-fluid js-lazy-product-image lazy-product-image product-thumbnail-second entered loaded\" data-ll-status=\"loaded\" \/><\/a><\/p>\n<div class=\"product-functional-buttons product-functional-buttons-bottom\">\n<div class=\"product-functional-buttons-links\">\n<div class=\"product-add-cart js-product-add-cart-20148-0\">\n<form action=\"https:\/\/www.cottet.com\/ca\/carro-de-la-compra?add=1&amp;id_product=20148&amp;id_product_attribute=0\" method=\"post\">\n<div class=\"input-group-add-cart\">\n<p><button class=\"btn btn-product-list add-to-cart\" data-button-action=\"add-to-cart\" type=\"submit\"><ion-icon name=\"bag-outline\" role=\"img\" class=\"md hydrated\" aria-label=\"bag outline\"><\/p>\n<div class=\"icon-inner\"><svg xmlns=\"http:\/\/www.w3.org\/2000\/svg\" class=\"ionicon s-ion-icon\" viewbox=\"0 0 512 512\"><path stroke-linecap=\"round\" stroke-linejoin=\"round\" d=\"M80 176a16 16 0 00-16 16v216c0 30.24 25.76 56 56 56h272c30.24 0 56-24.51 56-54.75V192a16 16 0 00-16-16zM160 176v-32a96 96 0 0196-96h0a96 96 0 0196 96v32\" class=\"ionicon-fill-none ionicon-stroke-width\"><\/path><\/svg><\/div>\n<p><\/ion-icon><span>\u00a0<\/span>Afegeix a la cistella<\/button><\/div>\n<\/form>\n<\/div>\n<\/div>\n<\/div>\n<div class=\"product-availability d-block\"><\/div>\n<\/div>\n<div class=\"product-description\">\n<div class=\"row extra-small-gutters justify-content-end\">\n<div class=\"col-12\">\n<div class=\"row-flags\"><span class=\"on-sale\">En oferta!<\/span><\/div>\n<\/div>\n<div class=\"col-12\">\n<div class=\"product-brand\"><a href=\"https:\/\/www.cottet.com\/ca\/ulleres-graduades\/ulleres-amb-filtre-urban-paris-c71-.html\">Urban<\/a><\/div>\n<div class=\"h3 product-title\"><a href=\"https:\/\/www.cottet.com\/ca\/ulleres-graduades\/ulleres-amb-filtre-urban-paris-c71-.html\">Ulleres amb filtre Urban &#8211; PARIS C71<\/a><\/div>\n<\/div>\n<div class=\"col-12 product-miniature-left\">\n<div class=\"product-price-and-shipping\"><span class=\"product-price\" content=\"69\" aria-label=\"Preu\">69,00\u00a0\u20ac<\/span><\/div>\n<\/div>\n<\/div>\n<\/div>\n<\/div>\n<div class=\"product-description\">\n<div class=\"row extra-small-gutters justify-content-end\">\n<div class=\"col-12 product-miniature-left\"><\/div>\n<\/div>\n<\/div>\n<p>[\/et_pb_text][\/et_pb_column][et_pb_column type=&#8221;1_4&#8243; _builder_version=&#8221;4.27.2&#8243; _module_preset=&#8221;default&#8221; global_colors_info=&#8221;{}&#8221; theme_builder_area=&#8221;post_content&#8221;][et_pb_text _builder_version=&#8221;4.27.2&#8243; _module_preset=&#8221;default&#8221; hover_enabled=&#8221;0&#8243; global_colors_info=&#8221;{}&#8221; theme_builder_area=&#8221;post_content&#8221; sticky_enabled=&#8221;0&#8243;]<\/p>\n<div class=\"thumbnail-container reviews-loading\">\n<div class=\"thumbnail-container reviews-loading\">\n<p><a href=\"https:\/\/www.cottet.com\/ca\/ulleres-graduades\/gafas-graduadas-unisex-lunettier-morez-plateado.html\" class=\"thumbnail product-thumbnail\"><img loading=\"lazy\" decoding=\"async\" src=\"https:\/\/www.cottet.com\/83865-home_default\/gafas-graduadas-unisex-lunettier-morez-plateado.jpg\" data-src=\"https:\/\/www.cottet.com\/83865-home_default\/gafas-graduadas-unisex-lunettier-morez-plateado.jpg\" width=\"305\" height=\"305\" alt=\"Ulleres graduades -... 2\" class=\"img-fluid js-lazy-product-image lazy-product-image product-thumbnail-second entered loaded\" data-ll-status=\"loaded\" \/><\/a><\/p>\n<div class=\"product-availability d-block\"><\/div>\n<\/div>\n<div class=\"product-description\">\n<div class=\"row extra-small-gutters justify-content-end\">\n<div class=\"col-12\">\n<div class=\"row-flags\"><\/div>\n<\/div>\n<div class=\"col-12\">\n<div class=\"product-brand\"><a href=\"https:\/\/www.cottet.com\/ca\/ulleres-graduades\/gafas-graduadas-unisex-lunettier-morez-plateado.html\">Lunettier<\/a><\/div>\n<div class=\"h3 product-title\"><a href=\"https:\/\/www.cottet.com\/ca\/ulleres-graduades\/gafas-graduadas-unisex-lunettier-morez-plateado.html\">Ulleres graduades &#8211; Lunettier Morez Plateado<\/a><\/div>\n<\/div>\n<div class=\"col-12 product-miniature-left\">\n<div class=\"product-price-and-shipping\">\n<p><span class=\"product-price\" content=\"58.5\" aria-label=\"Preu\"><span class=\"red\">58,50\u00a0\u20ac<\/span><span>\u00a0<\/span><\/span><span class=\"regular-price text-muted\">195,00\u00a0\u20ac<\/span><span>\u00a0<\/span><span class=\"flag-has-disc\">-70%<\/span><\/p>\n<div class=\"msg_discount\"><\/div>\n<\/div>\n<div class=\"productlist-stars\"><\/div>\n<\/div>\n<\/div>\n<\/div>\n<\/div>\n<p>[\/et_pb_text][\/et_pb_column][et_pb_column type=&#8221;1_4&#8243; _builder_version=&#8221;4.27.2&#8243; _module_preset=&#8221;default&#8221; global_colors_info=&#8221;{}&#8221; theme_builder_area=&#8221;post_content&#8221;][et_pb_text _builder_version=&#8221;4.27.2&#8243; _module_preset=&#8221;default&#8221; hover_enabled=&#8221;0&#8243; global_colors_info=&#8221;{}&#8221; theme_builder_area=&#8221;post_content&#8221; sticky_enabled=&#8221;0&#8243;]<\/p>\n<div class=\"thumbnail-container reviews-loading\">\n<div class=\"thumbnail-container reviews-loading\">\n<p><a href=\"https:\/\/www.cottet.com\/ca\/ulleres-graduades\/ulleres-amb-filtre-blau-urban-kiev-c10-.html\" class=\"thumbnail product-thumbnail\"><img loading=\"lazy\" decoding=\"async\" src=\"https:\/\/www.cottet.com\/83951-home_default\/ulleres-amb-filtre-blau-urban-kiev-c10-.jpg\" data-src=\"https:\/\/www.cottet.com\/83951-home_default\/ulleres-amb-filtre-blau-urban-kiev-c10-.jpg\" width=\"305\" height=\"305\" alt=\"Ulleres amb filtre blau... 2\" class=\"img-fluid js-lazy-product-image lazy-product-image product-thumbnail-second entered loaded\" data-ll-status=\"loaded\" \/><\/a><\/p>\n<div class=\"product-functional-buttons product-functional-buttons-bottom\">\n<div class=\"product-functional-buttons-links\">\n<div class=\"product-add-cart js-product-add-cart-20138-0\">\n<form action=\"https:\/\/www.cottet.com\/ca\/carro-de-la-compra?add=1&amp;id_product=20138&amp;id_product_attribute=0\" method=\"post\">\n<div class=\"input-group-add-cart\">\n<p><button class=\"btn btn-product-list add-to-cart\" data-button-action=\"add-to-cart\" type=\"submit\"><ion-icon name=\"bag-outline\" role=\"img\" class=\"md hydrated\" aria-label=\"bag outline\"><\/p>\n<div class=\"icon-inner\"><svg xmlns=\"http:\/\/www.w3.org\/2000\/svg\" class=\"ionicon s-ion-icon\" viewbox=\"0 0 512 512\"><path stroke-linecap=\"round\" stroke-linejoin=\"round\" d=\"M80 176a16 16 0 00-16 16v216c0 30.24 25.76 56 56 56h272c30.24 0 56-24.51 56-54.75V192a16 16 0 00-16-16zM160 176v-32a96 96 0 0196-96h0a96 96 0 0196 96v32\" class=\"ionicon-fill-none ionicon-stroke-width\"><\/path><\/svg><\/div>\n<p><\/ion-icon><span>\u00a0<\/span>Afegeix a la cistella<\/button><\/div>\n<\/form>\n<\/div>\n<\/div>\n<\/div>\n<div class=\"product-availability d-block\"><\/div>\n<\/div>\n<div class=\"product-description\">\n<div class=\"row extra-small-gutters justify-content-end\">\n<div class=\"col-12\">\n<div class=\"row-flags\"><span class=\"on-sale\">En oferta!<\/span><\/div>\n<\/div>\n<div class=\"col-12\">\n<div class=\"product-brand\"><a href=\"https:\/\/www.cottet.com\/ca\/ulleres-graduades\/ulleres-amb-filtre-blau-urban-kiev-c10-.html\">Urban<\/a><\/div>\n<div class=\"h3 product-title\"><a href=\"https:\/\/www.cottet.com\/ca\/ulleres-graduades\/ulleres-amb-filtre-blau-urban-kiev-c10-.html\">Ulleres amb filtre blau Urban &#8211; KIEV C10<\/a><\/div>\n<\/div>\n<div class=\"col-12 product-miniature-left\">\n<div class=\"product-price-and-shipping\"><span class=\"product-price\" content=\"69\" aria-label=\"Preu\">69,00\u00a0\u20ac<\/span><\/div>\n<\/div>\n<\/div>\n<\/div>\n<\/div>\n<div class=\"product-description\">\n<div class=\"row extra-small-gutters justify-content-end\">\n<div class=\"col-12 product-miniature-left\"><\/div>\n<\/div>\n<\/div>\n<p>[\/et_pb_text][\/et_pb_column][\/et_pb_row][et_pb_row _builder_version=&#8221;4.27.2&#8243; _module_preset=&#8221;default&#8221; global_colors_info=&#8221;{}&#8221; theme_builder_area=&#8221;post_content&#8221;][et_pb_column type=&#8221;4_4&#8243; _builder_version=&#8221;4.27.2&#8243; _module_preset=&#8221;default&#8221; global_colors_info=&#8221;{}&#8221; theme_builder_area=&#8221;post_content&#8221;][et_pb_text _builder_version=&#8221;4.27.2&#8243; _module_preset=&#8221;default&#8221; hover_enabled=&#8221;0&#8243; global_colors_info=&#8221;{}&#8221; theme_builder_area=&#8221;post_content&#8221; sticky_enabled=&#8221;0&#8243;]<\/p>\n<div class=\"elementor-widget elementor-element elementor-element-a0drzfs elementor-widget-heading\" data-element_type=\"heading\">\n<div class=\"elementor-widget-container\">\n<h2 class=\"elementor-heading-title elementor-size-default none\"><span>Qu\u00e8 fer si tens presb\u00edcia i miopia?<\/span><\/h2>\n<\/div>\n<\/div>\n<div class=\"elementor-widget elementor-element elementor-element-mvas86p elementor-widget-text-editor\" data-element_type=\"text-editor\">\n<div class=\"elementor-widget-container\">\n<div class=\"elementor-text-editor rte-content\">\n<p dir=\"ltr\"><span>Si les dues condicions s\u00f3n presents, les solucions combinades com a lents progressives, bifocals o multifocals s\u00f3n les m\u00e9s recomanades. En casos espec\u00edfics, un especialista pot suggerir tractaments quir\u00fargics que tractin ambdues necessitats. La nostra recomanaci\u00f3 davant de la presb\u00edcia i miopia La presb\u00edcia i la miopia s\u00f3n problemes visuals comuns que afecten de manera diferent la capacitat de veure amb claredat. Fer un test preliminar a casa pot ser \u00fatil, per\u00f2 acudir a un especialista \u00e9s essencial per obtenir un diagn\u00f2stic prec\u00eds i un tractament adequat. Si notes dificultats per enfocar objectes propers o veure de lluny, no esperis m\u00e9s. Feu una revisi\u00f3 ocular per cuidar la vostra salut visual i trobar la soluci\u00f3 que millor s&#8217;adapti a les vostres necessitats.<\/span><\/p>\n<\/div>\n<\/div>\n<\/div>\n<p>[\/et_pb_text][et_pb_button button_url=&#8221;https:\/\/www.cottet.com\/es\/cita-online&#8221; button_text=&#8221;Demana cita pr\u00e8via&#8221; button_alignment=&#8221;center&#8221; _builder_version=&#8221;4.27.2&#8243; _module_preset=&#8221;default&#8221; hover_enabled=&#8221;0&#8243; global_colors_info=&#8221;{}&#8221; theme_builder_area=&#8221;post_content&#8221; sticky_enabled=&#8221;0&#8243;][\/et_pb_button][\/et_pb_column][\/et_pb_row][\/et_pb_section]<\/p>\n","protected":false},"excerpt":{"rendered":"<p>Et donem a con\u00e8ixer tot all\u00f2 que has de saber sobre el test de la presb\u00edcia i com detectar la vista cansada<\/p>\n","protected":false},"author":1,"featured_media":800,"comment_status":"open","ping_status":"open","sticky":false,"template":"","format":"standard","meta":{"_et_pb_use_builder":"on","_et_pb_old_content":"","_et_gb_content_width":"","footnotes":""},"categories":[9],"tags":[],"class_list":["post-806","post","type-post","status-publish","format-standard","has-post-thumbnail","hentry","category-news"],"yoast_head":"<!-- This site is optimized with the Yoast SEO plugin v25.3 - https:\/\/yoast.com\/wordpress\/plugins\/seo\/ -->\n<title>Tot sobre el test de presb\u00edcia: detecta la vista cansada en minuts - Cottet Blog<\/title>\n<meta name=\"robots\" content=\"index, follow, max-snippet:-1, max-image-preview:large, max-video-preview:-1\" \/>\n<link rel=\"canonical\" href=\"https:\/\/www.cottet.com\/blog\/ca\/tot-sobre-el-test-de-presbicia-detecta-la-vista-cansada-en-minuts\/\" \/>\n<meta property=\"og:locale\" content=\"ca_ES\" \/>\n<meta property=\"og:type\" content=\"article\" \/>\n<meta property=\"og:title\" content=\"Tot sobre el test de presb\u00edcia: detecta la vista cansada en minuts - Cottet Blog\" \/>\n<meta property=\"og:description\" content=\"Et donem a con\u00e8ixer tot all\u00f2 que has de saber sobre el test de la presb\u00edcia i com detectar la vista cansada\" \/>\n<meta property=\"og:url\" content=\"https:\/\/www.cottet.com\/blog\/ca\/tot-sobre-el-test-de-presbicia-detecta-la-vista-cansada-en-minuts\/\" \/>\n<meta property=\"og:site_name\" content=\"Cottet Blog\" \/>\n<meta property=\"article:publisher\" content=\"https:\/\/www.facebook.com\/Cottet1902\/\" \/>\n<meta property=\"article:published_time\" content=\"2024-11-27T12:11:00+00:00\" \/>\n<meta property=\"article:modified_time\" content=\"2025-04-01T11:13:29+00:00\" \/>\n<meta property=\"og:image\" content=\"https:\/\/www.cottet.com\/blog\/wp-content\/uploads\/2025\/03\/113-thumb.jpg\" \/>\n\t<meta property=\"og:image:width\" content=\"591\" \/>\n\t<meta property=\"og:image:height\" content=\"658\" \/>\n\t<meta property=\"og:image:type\" content=\"image\/jpeg\" \/>\n<meta name=\"author\" content=\"Cottet\" \/>\n<meta name=\"twitter:card\" content=\"summary_large_image\" \/>\n<meta name=\"twitter:creator\" content=\"@cottet1902\" \/>\n<meta name=\"twitter:site\" content=\"@cottet1902\" \/>\n<meta name=\"twitter:label1\" content=\"Escrit per\" \/>\n\t<meta name=\"twitter:data1\" content=\"Cottet\" \/>\n\t<meta name=\"twitter:label2\" content=\"Temps estimat de lectura\" \/>\n\t<meta name=\"twitter:data2\" content=\"7 minuts\" \/>\n<script type=\"application\/ld+json\" class=\"yoast-schema-graph\">{\"@context\":\"https:\/\/schema.org\",\"@graph\":[{\"@type\":\"Article\",\"@id\":\"https:\/\/www.cottet.com\/blog\/ca\/tot-sobre-el-test-de-presbicia-detecta-la-vista-cansada-en-minuts\/#article\",\"isPartOf\":{\"@id\":\"https:\/\/www.cottet.com\/blog\/ca\/tot-sobre-el-test-de-presbicia-detecta-la-vista-cansada-en-minuts\/\"},\"author\":{\"name\":\"Cottet\",\"@id\":\"https:\/\/www.cottet.com\/blog\/#\/schema\/person\/1f6d32959d38031faf5b70f8b45faccd\"},\"headline\":\"Tot sobre el test de presb\u00edcia: detecta la vista cansada en minuts\",\"datePublished\":\"2024-11-27T12:11:00+00:00\",\"dateModified\":\"2025-04-01T11:13:29+00:00\",\"mainEntityOfPage\":{\"@id\":\"https:\/\/www.cottet.com\/blog\/ca\/tot-sobre-el-test-de-presbicia-detecta-la-vista-cansada-en-minuts\/\"},\"wordCount\":1402,\"commentCount\":0,\"publisher\":{\"@id\":\"https:\/\/www.cottet.com\/blog\/#organization\"},\"image\":{\"@id\":\"https:\/\/www.cottet.com\/blog\/ca\/tot-sobre-el-test-de-presbicia-detecta-la-vista-cansada-en-minuts\/#primaryimage\"},\"thumbnailUrl\":\"https:\/\/www.cottet.com\/blog\/wp-content\/uploads\/2025\/03\/113-thumb.jpg\",\"articleSection\":[\"News\"],\"inLanguage\":\"ca\",\"potentialAction\":[{\"@type\":\"CommentAction\",\"name\":\"Comment\",\"target\":[\"https:\/\/www.cottet.com\/blog\/ca\/tot-sobre-el-test-de-presbicia-detecta-la-vista-cansada-en-minuts\/#respond\"]}]},{\"@type\":\"WebPage\",\"@id\":\"https:\/\/www.cottet.com\/blog\/ca\/tot-sobre-el-test-de-presbicia-detecta-la-vista-cansada-en-minuts\/\",\"url\":\"https:\/\/www.cottet.com\/blog\/ca\/tot-sobre-el-test-de-presbicia-detecta-la-vista-cansada-en-minuts\/\",\"name\":\"Tot sobre el test de presb\u00edcia: detecta la vista cansada en minuts - Cottet Blog\",\"isPartOf\":{\"@id\":\"https:\/\/www.cottet.com\/blog\/#website\"},\"primaryImageOfPage\":{\"@id\":\"https:\/\/www.cottet.com\/blog\/ca\/tot-sobre-el-test-de-presbicia-detecta-la-vista-cansada-en-minuts\/#primaryimage\"},\"image\":{\"@id\":\"https:\/\/www.cottet.com\/blog\/ca\/tot-sobre-el-test-de-presbicia-detecta-la-vista-cansada-en-minuts\/#primaryimage\"},\"thumbnailUrl\":\"https:\/\/www.cottet.com\/blog\/wp-content\/uploads\/2025\/03\/113-thumb.jpg\",\"datePublished\":\"2024-11-27T12:11:00+00:00\",\"dateModified\":\"2025-04-01T11:13:29+00:00\",\"breadcrumb\":{\"@id\":\"https:\/\/www.cottet.com\/blog\/ca\/tot-sobre-el-test-de-presbicia-detecta-la-vista-cansada-en-minuts\/#breadcrumb\"},\"inLanguage\":\"ca\",\"potentialAction\":[{\"@type\":\"ReadAction\",\"target\":[\"https:\/\/www.cottet.com\/blog\/ca\/tot-sobre-el-test-de-presbicia-detecta-la-vista-cansada-en-minuts\/\"]}]},{\"@type\":\"ImageObject\",\"inLanguage\":\"ca\",\"@id\":\"https:\/\/www.cottet.com\/blog\/ca\/tot-sobre-el-test-de-presbicia-detecta-la-vista-cansada-en-minuts\/#primaryimage\",\"url\":\"https:\/\/www.cottet.com\/blog\/wp-content\/uploads\/2025\/03\/113-thumb.jpg\",\"contentUrl\":\"https:\/\/www.cottet.com\/blog\/wp-content\/uploads\/2025\/03\/113-thumb.jpg\",\"width\":591,\"height\":658},{\"@type\":\"BreadcrumbList\",\"@id\":\"https:\/\/www.cottet.com\/blog\/ca\/tot-sobre-el-test-de-presbicia-detecta-la-vista-cansada-en-minuts\/#breadcrumb\",\"itemListElement\":[{\"@type\":\"ListItem\",\"position\":1,\"name\":\"Portada\",\"item\":\"https:\/\/www.cottet.com\/blog\/\"},{\"@type\":\"ListItem\",\"position\":2,\"name\":\"Tot sobre el test de presb\u00edcia: detecta la vista cansada en minuts\"}]},{\"@type\":\"WebSite\",\"@id\":\"https:\/\/www.cottet.com\/blog\/#website\",\"url\":\"https:\/\/www.cottet.com\/blog\/\",\"name\":\"Cottet Blog\",\"description\":\"\",\"publisher\":{\"@id\":\"https:\/\/www.cottet.com\/blog\/#organization\"},\"potentialAction\":[{\"@type\":\"SearchAction\",\"target\":{\"@type\":\"EntryPoint\",\"urlTemplate\":\"https:\/\/www.cottet.com\/blog\/?s={search_term_string}\"},\"query-input\":{\"@type\":\"PropertyValueSpecification\",\"valueRequired\":true,\"valueName\":\"search_term_string\"}}],\"inLanguage\":\"ca\"},{\"@type\":\"Organization\",\"@id\":\"https:\/\/www.cottet.com\/blog\/#organization\",\"name\":\"Cottet Blog\",\"url\":\"https:\/\/www.cottet.com\/blog\/\",\"logo\":{\"@type\":\"ImageObject\",\"inLanguage\":\"ca\",\"@id\":\"https:\/\/www.cottet.com\/blog\/#\/schema\/logo\/image\/\",\"url\":\"https:\/\/www.cottet.com\/blog\/wp-content\/uploads\/2025\/03\/logo-1673367279.png\",\"contentUrl\":\"https:\/\/www.cottet.com\/blog\/wp-content\/uploads\/2025\/03\/logo-1673367279.png\",\"width\":200,\"height\":40,\"caption\":\"Cottet Blog\"},\"image\":{\"@id\":\"https:\/\/www.cottet.com\/blog\/#\/schema\/logo\/image\/\"},\"sameAs\":[\"https:\/\/www.facebook.com\/Cottet1902\/\",\"https:\/\/x.com\/cottet1902\",\"https:\/\/www.instagram.com\/cottet_oficial\/\",\"https:\/\/www.tiktok.com\/@cottet_oficial\",\"https:\/\/www.youtube.com\/user\/CottetOptica\"]},{\"@type\":\"Person\",\"@id\":\"https:\/\/www.cottet.com\/blog\/#\/schema\/person\/1f6d32959d38031faf5b70f8b45faccd\",\"name\":\"Cottet\",\"image\":{\"@type\":\"ImageObject\",\"inLanguage\":\"ca\",\"@id\":\"https:\/\/www.cottet.com\/blog\/#\/schema\/person\/image\/\",\"url\":\"https:\/\/secure.gravatar.com\/avatar\/6fc9db6880b98e4db810d9e79a975cc731a427bdefd1e98caedd7c29a0027241?s=96&d=mm&r=g\",\"contentUrl\":\"https:\/\/secure.gravatar.com\/avatar\/6fc9db6880b98e4db810d9e79a975cc731a427bdefd1e98caedd7c29a0027241?s=96&d=mm&r=g\",\"caption\":\"Cottet\"},\"sameAs\":[\"https:\/\/cottet.com\/blog\"],\"url\":\"https:\/\/www.cottet.com\/blog\/ca\/author\/cottet\/\"}]}<\/script>\n<!-- \/ Yoast SEO plugin. -->","yoast_head_json":{"title":"Tot sobre el test de presb\u00edcia: detecta la vista cansada en minuts - Cottet Blog","robots":{"index":"index","follow":"follow","max-snippet":"max-snippet:-1","max-image-preview":"max-image-preview:large","max-video-preview":"max-video-preview:-1"},"canonical":"https:\/\/www.cottet.com\/blog\/ca\/tot-sobre-el-test-de-presbicia-detecta-la-vista-cansada-en-minuts\/","og_locale":"ca_ES","og_type":"article","og_title":"Tot sobre el test de presb\u00edcia: detecta la vista cansada en minuts - Cottet Blog","og_description":"Et donem a con\u00e8ixer tot all\u00f2 que has de saber sobre el test de la presb\u00edcia i com detectar la vista cansada","og_url":"https:\/\/www.cottet.com\/blog\/ca\/tot-sobre-el-test-de-presbicia-detecta-la-vista-cansada-en-minuts\/","og_site_name":"Cottet Blog","article_publisher":"https:\/\/www.facebook.com\/Cottet1902\/","article_published_time":"2024-11-27T12:11:00+00:00","article_modified_time":"2025-04-01T11:13:29+00:00","og_image":[{"width":591,"height":658,"url":"https:\/\/www.cottet.com\/blog\/wp-content\/uploads\/2025\/03\/113-thumb.jpg","type":"image\/jpeg"}],"author":"Cottet","twitter_card":"summary_large_image","twitter_creator":"@cottet1902","twitter_site":"@cottet1902","twitter_misc":{"Escrit per":"Cottet","Temps estimat de lectura":"7 minuts"},"schema":{"@context":"https:\/\/schema.org","@graph":[{"@type":"Article","@id":"https:\/\/www.cottet.com\/blog\/ca\/tot-sobre-el-test-de-presbicia-detecta-la-vista-cansada-en-minuts\/#article","isPartOf":{"@id":"https:\/\/www.cottet.com\/blog\/ca\/tot-sobre-el-test-de-presbicia-detecta-la-vista-cansada-en-minuts\/"},"author":{"name":"Cottet","@id":"https:\/\/www.cottet.com\/blog\/#\/schema\/person\/1f6d32959d38031faf5b70f8b45faccd"},"headline":"Tot sobre el test de presb\u00edcia: detecta la vista cansada en minuts","datePublished":"2024-11-27T12:11:00+00:00","dateModified":"2025-04-01T11:13:29+00:00","mainEntityOfPage":{"@id":"https:\/\/www.cottet.com\/blog\/ca\/tot-sobre-el-test-de-presbicia-detecta-la-vista-cansada-en-minuts\/"},"wordCount":1402,"commentCount":0,"publisher":{"@id":"https:\/\/www.cottet.com\/blog\/#organization"},"image":{"@id":"https:\/\/www.cottet.com\/blog\/ca\/tot-sobre-el-test-de-presbicia-detecta-la-vista-cansada-en-minuts\/#primaryimage"},"thumbnailUrl":"https:\/\/www.cottet.com\/blog\/wp-content\/uploads\/2025\/03\/113-thumb.jpg","articleSection":["News"],"inLanguage":"ca","potentialAction":[{"@type":"CommentAction","name":"Comment","target":["https:\/\/www.cottet.com\/blog\/ca\/tot-sobre-el-test-de-presbicia-detecta-la-vista-cansada-en-minuts\/#respond"]}]},{"@type":"WebPage","@id":"https:\/\/www.cottet.com\/blog\/ca\/tot-sobre-el-test-de-presbicia-detecta-la-vista-cansada-en-minuts\/","url":"https:\/\/www.cottet.com\/blog\/ca\/tot-sobre-el-test-de-presbicia-detecta-la-vista-cansada-en-minuts\/","name":"Tot sobre el test de presb\u00edcia: detecta la vista cansada en minuts - Cottet Blog","isPartOf":{"@id":"https:\/\/www.cottet.com\/blog\/#website"},"primaryImageOfPage":{"@id":"https:\/\/www.cottet.com\/blog\/ca\/tot-sobre-el-test-de-presbicia-detecta-la-vista-cansada-en-minuts\/#primaryimage"},"image":{"@id":"https:\/\/www.cottet.com\/blog\/ca\/tot-sobre-el-test-de-presbicia-detecta-la-vista-cansada-en-minuts\/#primaryimage"},"thumbnailUrl":"https:\/\/www.cottet.com\/blog\/wp-content\/uploads\/2025\/03\/113-thumb.jpg","datePublished":"2024-11-27T12:11:00+00:00","dateModified":"2025-04-01T11:13:29+00:00","breadcrumb":{"@id":"https:\/\/www.cottet.com\/blog\/ca\/tot-sobre-el-test-de-presbicia-detecta-la-vista-cansada-en-minuts\/#breadcrumb"},"inLanguage":"ca","potentialAction":[{"@type":"ReadAction","target":["https:\/\/www.cottet.com\/blog\/ca\/tot-sobre-el-test-de-presbicia-detecta-la-vista-cansada-en-minuts\/"]}]},{"@type":"ImageObject","inLanguage":"ca","@id":"https:\/\/www.cottet.com\/blog\/ca\/tot-sobre-el-test-de-presbicia-detecta-la-vista-cansada-en-minuts\/#primaryimage","url":"https:\/\/www.cottet.com\/blog\/wp-content\/uploads\/2025\/03\/113-thumb.jpg","contentUrl":"https:\/\/www.cottet.com\/blog\/wp-content\/uploads\/2025\/03\/113-thumb.jpg","width":591,"height":658},{"@type":"BreadcrumbList","@id":"https:\/\/www.cottet.com\/blog\/ca\/tot-sobre-el-test-de-presbicia-detecta-la-vista-cansada-en-minuts\/#breadcrumb","itemListElement":[{"@type":"ListItem","position":1,"name":"Portada","item":"https:\/\/www.cottet.com\/blog\/"},{"@type":"ListItem","position":2,"name":"Tot sobre el test de presb\u00edcia: detecta la vista cansada en minuts"}]},{"@type":"WebSite","@id":"https:\/\/www.cottet.com\/blog\/#website","url":"https:\/\/www.cottet.com\/blog\/","name":"Cottet Blog","description":"","publisher":{"@id":"https:\/\/www.cottet.com\/blog\/#organization"},"potentialAction":[{"@type":"SearchAction","target":{"@type":"EntryPoint","urlTemplate":"https:\/\/www.cottet.com\/blog\/?s={search_term_string}"},"query-input":{"@type":"PropertyValueSpecification","valueRequired":true,"valueName":"search_term_string"}}],"inLanguage":"ca"},{"@type":"Organization","@id":"https:\/\/www.cottet.com\/blog\/#organization","name":"Cottet Blog","url":"https:\/\/www.cottet.com\/blog\/","logo":{"@type":"ImageObject","inLanguage":"ca","@id":"https:\/\/www.cottet.com\/blog\/#\/schema\/logo\/image\/","url":"https:\/\/www.cottet.com\/blog\/wp-content\/uploads\/2025\/03\/logo-1673367279.png","contentUrl":"https:\/\/www.cottet.com\/blog\/wp-content\/uploads\/2025\/03\/logo-1673367279.png","width":200,"height":40,"caption":"Cottet Blog"},"image":{"@id":"https:\/\/www.cottet.com\/blog\/#\/schema\/logo\/image\/"},"sameAs":["https:\/\/www.facebook.com\/Cottet1902\/","https:\/\/x.com\/cottet1902","https:\/\/www.instagram.com\/cottet_oficial\/","https:\/\/www.tiktok.com\/@cottet_oficial","https:\/\/www.youtube.com\/user\/CottetOptica"]},{"@type":"Person","@id":"https:\/\/www.cottet.com\/blog\/#\/schema\/person\/1f6d32959d38031faf5b70f8b45faccd","name":"Cottet","image":{"@type":"ImageObject","inLanguage":"ca","@id":"https:\/\/www.cottet.com\/blog\/#\/schema\/person\/image\/","url":"https:\/\/secure.gravatar.com\/avatar\/6fc9db6880b98e4db810d9e79a975cc731a427bdefd1e98caedd7c29a0027241?s=96&d=mm&r=g","contentUrl":"https:\/\/secure.gravatar.com\/avatar\/6fc9db6880b98e4db810d9e79a975cc731a427bdefd1e98caedd7c29a0027241?s=96&d=mm&r=g","caption":"Cottet"},"sameAs":["https:\/\/cottet.com\/blog"],"url":"https:\/\/www.cottet.com\/blog\/ca\/author\/cottet\/"}]}},"_links":{"self":[{"href":"https:\/\/www.cottet.com\/blog\/ca\/wp-json\/wp\/v2\/posts\/806","targetHints":{"allow":["GET"]}}],"collection":[{"href":"https:\/\/www.cottet.com\/blog\/ca\/wp-json\/wp\/v2\/posts"}],"about":[{"href":"https:\/\/www.cottet.com\/blog\/ca\/wp-json\/wp\/v2\/types\/post"}],"author":[{"embeddable":true,"href":"https:\/\/www.cottet.com\/blog\/ca\/wp-json\/wp\/v2\/users\/1"}],"replies":[{"embeddable":true,"href":"https:\/\/www.cottet.com\/blog\/ca\/wp-json\/wp\/v2\/comments?post=806"}],"version-history":[{"count":3,"href":"https:\/\/www.cottet.com\/blog\/ca\/wp-json\/wp\/v2\/posts\/806\/revisions"}],"predecessor-version":[{"id":809,"href":"https:\/\/www.cottet.com\/blog\/ca\/wp-json\/wp\/v2\/posts\/806\/revisions\/809"}],"wp:featuredmedia":[{"embeddable":true,"href":"https:\/\/www.cottet.com\/blog\/ca\/wp-json\/wp\/v2\/media\/800"}],"wp:attachment":[{"href":"https:\/\/www.cottet.com\/blog\/ca\/wp-json\/wp\/v2\/media?parent=806"}],"wp:term":[{"taxonomy":"category","embeddable":true,"href":"https:\/\/www.cottet.com\/blog\/ca\/wp-json\/wp\/v2\/categories?post=806"},{"taxonomy":"post_tag","embeddable":true,"href":"https:\/\/www.cottet.com\/blog\/ca\/wp-json\/wp\/v2\/tags?post=806"}],"curies":[{"name":"wp","href":"https:\/\/api.w.org\/{rel}","templated":true}]}}